{"id":39099,"date":"2020-09-28T15:56:19","date_gmt":"2020-09-28T13:56:19","guid":{"rendered":"https:\/\/marylinrebelo.com\/?p=39099"},"modified":"2023-11-06T21:44:23","modified_gmt":"2023-11-06T20:44:23","slug":"helvetic-romance-lake-oeschinen","status":"publish","type":"post","link":"https:\/\/marylinrebelo.com\/en\/helvetic-romance-lake-oeschinen\/","title":{"rendered":"Pure Helvetic Romance at Lake Oeschinen"},"content":{"rendered":"<p>Some days mark us forever for they are the perfect embodiment of Love, Nature, and what matters most in Life. This is what we can call a pure Helvetic romance at Lake Oeschinen.<\/p>\n<p>When Brittney and Peter contact me in May 2019 to celebrate their <a href=\"https:\/\/marylinrebelo.com\/en\/symbolic-ceremony\/\">wedding ceremony in Switzerland<\/a> during a very special <a href=\"https:\/\/marylinrebelo.com\/en\/elopement-switzerland\/\">elopement<\/a>, I am already moved by their beautiful project: leaving the United States to go back to New-Zealand, their native land, and stopping by Switzerland to get married among close family members who\u2019d fly there for the occasion. But that\u2019s not all. They plan on saying \u201cI do\u201d on all 5 continents, through Nepal and Morocco, before celebrating their civil marriage back home in Oceania.<\/p>\n<p>A journey full of colors and love for they share the travel bug and they also respect every region of the world, having grown up among different cultures. A background for which they are most grateful and proud.<\/p>\n<p>I want to make their Swiss day unforgettable, so that they can leave with the most beautiful European memory. I want this moment to be as big as the love they share for each other. Upon meeting them, I immediately could tell how strong and deep their relationship was.<\/p>\n<p>\u00a0<\/p>\n<p><img decoding=\"async\" class=\"alignnone wp-image-37999 size-full\" src=\"https:\/\/marylinrebelo.com\/wp-content\/uploads\/2020\/09\/190927_Brittney-Peter-elopement-Oeschinensee-CH-Bendik_Photography_003-min.jpg\" alt=\"elopement suisse oeschinensee\" width=\"1200\" height=\"800\" srcset=\"https:\/\/marylinrebelo.com\/wp-content\/uploads\/2020\/09\/190927_Brittney-Peter-elopement-Oeschinensee-CH-Bendik_Photography_003-min.jpg 1200w, https:\/\/marylinrebelo.com\/wp-content\/uploads\/2020\/09\/190927_Brittney-Peter-elopement-Oeschinensee-CH-Bendik_Photography_003-min-300x200.jpg 300w, https:\/\/marylinrebelo.com\/wp-content\/uploads\/2020\/09\/190927_Brittney-Peter-elopement-Oeschinensee-CH-Bendik_Photography_003-min-1024x683.jpg 1024w, https:\/\/marylinrebelo.com\/wp-content\/uploads\/2020\/09\/190927_Brittney-Peter-elopement-Oeschinensee-CH-Bendik_Photography_003-min-768x512.jpg 768w\" sizes=\"(max-width: 1200px) 100vw, 1200px\" \/><\/p>\n<p>\u00a0<\/p>\n<h2>An Elopement at Lake Oeschinen<\/h2>\n<p>On September 27, we meet in Kandersteg and get to know each other in the gondola lift leading us to the magnificent Lake Oeschinen. Brittney\u2019s mother is here to shower the couple with all her motherly love. They are exactly as I pictured them, and the look they give each other definitely gets my creative juices flowing. I was already fueled with inspiration back when I wrote every word of their engagement ceremony.<\/p>\n<p>I was lucky enough to celebrate several unions in Oeschinensee, <a href=\"https:\/\/marylinrebelo.com\/en\/swiss-elopement-oeschinensee\/\">like this one<\/a> few months before. Each time the atmosphere and the colors were different. Today, the sun is shining. Everything is basked in the warmth of the autumn light that gives the lake a beautiful turquoise blue hue and the sky a deep shade of blue.<\/p>\n<p>\u00a0<\/p>\n<div id='gallery-1' class='gallery galleryid-39099 gallery-columns-2 gallery-size-full'><figure class='gallery-item'>\n\t\t\t<div class='gallery-icon portrait'>\n\t\t\t\t<img decoding=\"async\" width=\"1200\" height=\"1800\" src=\"https:\/\/marylinrebelo.com\/wp-content\/uploads\/2020\/09\/190927_Brittney-Peter-elopement-Oeschinensee-CH-Bendik_Photography_048-min.jpg\" class=\"attachment-full size-full\" alt=\"ceremonie elopement oeschinensee suisse\" srcset=\"https:\/\/marylinrebelo.com\/wp-content\/uploads\/2020\/09\/190927_Brittney-Peter-elopement-Oeschinensee-CH-Bendik_Photography_048-min.jpg 1200w, https:\/\/marylinrebelo.com\/wp-content\/uploads\/2020\/09\/190927_Brittney-Peter-elopement-Oeschinensee-CH-Bendik_Photography_048-min-200x300.jpg 200w, https:\/\/marylinrebelo.com\/wp-content\/uploads\/2020\/09\/190927_Brittney-Peter-elopement-Oeschinensee-CH-Bendik_Photography_048-min-683x1024.jpg 683w, https:\/\/marylinrebelo.com\/wp-content\/uploads\/2020\/09\/190927_Brittney-Peter-elopement-Oeschinensee-CH-Bendik_Photography_048-min-768x1152.jpg 768w, https:\/\/marylinrebelo.com\/wp-content\/uploads\/2020\/09\/190927_Brittney-Peter-elopement-Oeschinensee-CH-Bendik_Photography_048-min-1024x1536.jpg 1024w\" sizes=\"(max-width: 1200px) 100vw, 1200px\" \/>\n\t\t\t<\/div><\/figure><figure class='gallery-item'>\n\t\t\t<div class='gallery-icon portrait'>\n\t\t\t\t<img decoding=\"async\" width=\"1200\" height=\"1800\" src=\"https:\/\/marylinrebelo.com\/wp-content\/uploads\/2020\/09\/190927_Brittney-Peter-elopement-Oeschinensee-CH-Bendik_Photography_050-min.jpg\" class=\"attachment-full size-full\" alt=\"ceremonie elopement mariage oeschinensee suisse\" srcset=\"https:\/\/marylinrebelo.com\/wp-content\/uploads\/2020\/09\/190927_Brittney-Peter-elopement-Oeschinensee-CH-Bendik_Photography_050-min.jpg 1200w, https:\/\/marylinrebelo.com\/wp-content\/uploads\/2020\/09\/190927_Brittney-Peter-elopement-Oeschinensee-CH-Bendik_Photography_050-min-200x300.jpg 200w, https:\/\/marylinrebelo.com\/wp-content\/uploads\/2020\/09\/190927_Brittney-Peter-elopement-Oeschinensee-CH-Bendik_Photography_050-min-683x1024.jpg 683w, https:\/\/marylinrebelo.com\/wp-content\/uploads\/2020\/09\/190927_Brittney-Peter-elopement-Oeschinensee-CH-Bendik_Photography_050-min-768x1152.jpg 768w, https:\/\/marylinrebelo.com\/wp-content\/uploads\/2020\/09\/190927_Brittney-Peter-elopement-Oeschinensee-CH-Bendik_Photography_050-min-1024x1536.jpg 1024w\" sizes=\"(max-width: 1200px) 100vw, 1200px\" \/>\n\t\t\t<\/div><\/figure>\n\t\t<\/div>\n\n<div id='gallery-2' class='gallery galleryid-39099 gallery-columns-2 gallery-size-full'><figure class='gallery-item'>\n\t\t\t<div class='gallery-icon landscape'>\n\t\t\t\t<img decoding=\"async\" width=\"1200\" height=\"800\" src=\"https:\/\/marylinrebelo.com\/wp-content\/uploads\/2020\/09\/190927_Brittney-Peter-elopement-Oeschinensee-CH-Bendik_Photography_009-min.jpg\" class=\"attachment-full size-full\" alt=\"c\u00e9r\u00e9monie de mariage oeschinensee\" srcset=\"https:\/\/marylinrebelo.com\/wp-content\/uploads\/2020\/09\/190927_Brittney-Peter-elopement-Oeschinensee-CH-Bendik_Photography_009-min.jpg 1200w, https:\/\/marylinrebelo.com\/wp-content\/uploads\/2020\/09\/190927_Brittney-Peter-elopement-Oeschinensee-CH-Bendik_Photography_009-min-300x200.jpg 300w, https:\/\/marylinrebelo.com\/wp-content\/uploads\/2020\/09\/190927_Brittney-Peter-elopement-Oeschinensee-CH-Bendik_Photography_009-min-1024x683.jpg 1024w, https:\/\/marylinrebelo.com\/wp-content\/uploads\/2020\/09\/190927_Brittney-Peter-elopement-Oeschinensee-CH-Bendik_Photography_009-min-768x512.jpg 768w\" sizes=\"(max-width: 1200px) 100vw, 1200px\" \/>\n\t\t\t<\/div><\/figure><figure class='gallery-item'>\n\t\t\t<div class='gallery-icon landscape'>\n\t\t\t\t<img decoding=\"async\" width=\"1200\" height=\"800\" src=\"https:\/\/marylinrebelo.com\/wp-content\/uploads\/2020\/09\/190927_Brittney-Peter-elopement-Oeschinensee-CH-Bendik_Photography_016-min.jpg\" class=\"attachment-full size-full\" alt=\"c\u00e9r\u00e9monie de mariage intime\" srcset=\"https:\/\/marylinrebelo.com\/wp-content\/uploads\/2020\/09\/190927_Brittney-Peter-elopement-Oeschinensee-CH-Bendik_Photography_016-min.jpg 1200w, https:\/\/marylinrebelo.com\/wp-content\/uploads\/2020\/09\/190927_Brittney-Peter-elopement-Oeschinensee-CH-Bendik_Photography_016-min-300x200.jpg 300w, https:\/\/marylinrebelo.com\/wp-content\/uploads\/2020\/09\/190927_Brittney-Peter-elopement-Oeschinensee-CH-Bendik_Photography_016-min-1024x683.jpg 1024w, https:\/\/marylinrebelo.com\/wp-content\/uploads\/2020\/09\/190927_Brittney-Peter-elopement-Oeschinensee-CH-Bendik_Photography_016-min-768x512.jpg 768w\" sizes=\"(max-width: 1200px) 100vw, 1200px\" \/>\n\t\t\t<\/div><\/figure>\n\t\t<\/div>\n\n<div id='gallery-3' class='gallery galleryid-39099 gallery-columns-2 gallery-size-full'><figure class='gallery-item'>\n\t\t\t<div class='gallery-icon landscape'>\n\t\t\t\t<img decoding=\"async\" width=\"1200\" height=\"800\" src=\"https:\/\/marylinrebelo.com\/wp-content\/uploads\/2020\/09\/190927_Brittney-Peter-elopement-Oeschinensee-CH-Bendik_Photography_031-min.jpg\" class=\"attachment-full size-full\" alt=\"c\u00e9r\u00e9monie mariage intime en suisse\" srcset=\"https:\/\/marylinrebelo.com\/wp-content\/uploads\/2020\/09\/190927_Brittney-Peter-elopement-Oeschinensee-CH-Bendik_Photography_031-min.jpg 1200w, https:\/\/marylinrebelo.com\/wp-content\/uploads\/2020\/09\/190927_Brittney-Peter-elopement-Oeschinensee-CH-Bendik_Photography_031-min-300x200.jpg 300w, https:\/\/marylinrebelo.com\/wp-content\/uploads\/2020\/09\/190927_Brittney-Peter-elopement-Oeschinensee-CH-Bendik_Photography_031-min-1024x683.jpg 1024w, https:\/\/marylinrebelo.com\/wp-content\/uploads\/2020\/09\/190927_Brittney-Peter-elopement-Oeschinensee-CH-Bendik_Photography_031-min-768x512.jpg 768w\" sizes=\"(max-width: 1200px) 100vw, 1200px\" \/>\n\t\t\t<\/div><\/figure><figure class='gallery-item'>\n\t\t\t<div class='gallery-icon landscape'>\n\t\t\t\t<img decoding=\"async\" width=\"1200\" height=\"800\" src=\"https:\/\/marylinrebelo.com\/wp-content\/uploads\/2020\/09\/190927_Brittney-Peter-elopement-Oeschinensee-CH-Bendik_Photography_040-min.jpg\" class=\"attachment-full size-full\" alt=\"c\u00e9r\u00e9monie intime mariage oeschinensee\" srcset=\"https:\/\/marylinrebelo.com\/wp-content\/uploads\/2020\/09\/190927_Brittney-Peter-elopement-Oeschinensee-CH-Bendik_Photography_040-min.jpg 1200w, https:\/\/marylinrebelo.com\/wp-content\/uploads\/2020\/09\/190927_Brittney-Peter-elopement-Oeschinensee-CH-Bendik_Photography_040-min-300x200.jpg 300w, https:\/\/marylinrebelo.com\/wp-content\/uploads\/2020\/09\/190927_Brittney-Peter-elopement-Oeschinensee-CH-Bendik_Photography_040-min-1024x683.jpg 1024w, https:\/\/marylinrebelo.com\/wp-content\/uploads\/2020\/09\/190927_Brittney-Peter-elopement-Oeschinensee-CH-Bendik_Photography_040-min-768x512.jpg 768w\" sizes=\"(max-width: 1200px) 100vw, 1200px\" \/>\n\t\t\t<\/div><\/figure>\n\t\t<\/div>\n\n<p>\u00a0<\/p>\n<h2>A Secluded Ceremony<\/h2>\n<p>I meet the photographer who finds a perfect spot for this intimate and intense ceremony. The melody made by the small waves crashing on the rocks welcomes us and gives a rhythm to our every word.<\/p>\n<p>As soon as the first words are uttered, I can see Brittney and Peter\u2019s eyes well up. Soon enough, they share a simultaneous smile when I ask them to tie two small ribbons around the neck of a porcelain llama that I found as <a href=\"https:\/\/marylinrebelo.com\/en\/best-symbolic-ritual-your-secular-ceremony\">symbolic gesture<\/a> for this very occasion and that they can take with them as a timeless memory of this unique day.<\/p>\n<p>Why a llama? The creature is the symbol of what turned Brittney and Peter\u2019s friendship into a love story. A doctor and a great lover of literature, Peter had read an exciting story about a woman who trained llamas to help sick people in the hospital by introducing them to the power of emotional therapy through interaction with these animals.<\/p>\n<p>One day when she is sick with pneumonia, Brittney receives a text message from Peter enquiring about her health. He included the picture of a llama he came across during one of his strolls (there is no coincidence\u2026). When she realizes how worried he is about her, she understands the depth of her own love for him.<\/p>\n<p>By tying their ribbons around the symbolic lama, they share their intention to always be there for each other, to protect each other no matter what happens and to forever nurture their brand of humor that embodies their relationship so well.<\/p>\n<p>\u00a0<\/p>\n<div id='gallery-4' class='gallery galleryid-39099 gallery-columns-2 gallery-size-full'><figure class='gallery-item'>\n\t\t\t<div class='gallery-icon portrait'>\n\t\t\t\t<img decoding=\"async\" width=\"1200\" height=\"1800\" src=\"https:\/\/marylinrebelo.com\/wp-content\/uploads\/2020\/09\/190927_Brittney-Peter-elopement-Oeschinensee-CH-Bendik_Photography_005-min.jpg\" class=\"attachment-full size-full\" alt=\"c\u00e9r\u00e9monie d&#039;engagement \u00e0 oeschinensee\" srcset=\"https:\/\/marylinrebelo.com\/wp-content\/uploads\/2020\/09\/190927_Brittney-Peter-elopement-Oeschinensee-CH-Bendik_Photography_005-min.jpg 1200w, https:\/\/marylinrebelo.com\/wp-content\/uploads\/2020\/09\/190927_Brittney-Peter-elopement-Oeschinensee-CH-Bendik_Photography_005-min-200x300.jpg 200w, https:\/\/marylinrebelo.com\/wp-content\/uploads\/2020\/09\/190927_Brittney-Peter-elopement-Oeschinensee-CH-Bendik_Photography_005-min-683x1024.jpg 683w, https:\/\/marylinrebelo.com\/wp-content\/uploads\/2020\/09\/190927_Brittney-Peter-elopement-Oeschinensee-CH-Bendik_Photography_005-min-768x1152.jpg 768w, https:\/\/marylinrebelo.com\/wp-content\/uploads\/2020\/09\/190927_Brittney-Peter-elopement-Oeschinensee-CH-Bendik_Photography_005-min-1024x1536.jpg 1024w\" sizes=\"(max-width: 1200px) 100vw, 1200px\" \/>\n\t\t\t<\/div><\/figure><figure class='gallery-item'>\n\t\t\t<div class='gallery-icon portrait'>\n\t\t\t\t<img decoding=\"async\" width=\"1200\" height=\"1800\" src=\"https:\/\/marylinrebelo.com\/wp-content\/uploads\/2020\/09\/190927_Brittney-Peter-elopement-Oeschinensee-CH-Bendik_Photography_007-min.jpg\" class=\"attachment-full size-full\" alt=\"c\u00e9r\u00e9monie de mariage et rituel symbolique\" srcset=\"https:\/\/marylinrebelo.com\/wp-content\/uploads\/2020\/09\/190927_Brittney-Peter-elopement-Oeschinensee-CH-Bendik_Photography_007-min.jpg 1200w, https:\/\/marylinrebelo.com\/wp-content\/uploads\/2020\/09\/190927_Brittney-Peter-elopement-Oeschinensee-CH-Bendik_Photography_007-min-200x300.jpg 200w, https:\/\/marylinrebelo.com\/wp-content\/uploads\/2020\/09\/190927_Brittney-Peter-elopement-Oeschinensee-CH-Bendik_Photography_007-min-683x1024.jpg 683w, https:\/\/marylinrebelo.com\/wp-content\/uploads\/2020\/09\/190927_Brittney-Peter-elopement-Oeschinensee-CH-Bendik_Photography_007-min-768x1152.jpg 768w, https:\/\/marylinrebelo.com\/wp-content\/uploads\/2020\/09\/190927_Brittney-Peter-elopement-Oeschinensee-CH-Bendik_Photography_007-min-1024x1536.jpg 1024w\" sizes=\"(max-width: 1200px) 100vw, 1200px\" \/>\n\t\t\t<\/div><\/figure>\n\t\t<\/div>\n\n<p><img decoding=\"async\" class=\"alignnone wp-image-38029 size-full\" src=\"https:\/\/marylinrebelo.com\/wp-content\/uploads\/2020\/09\/190927_Brittney-Peter-elopement-Oeschinensee-CH-Bendik_Photography_052-min.jpg\" alt=\"c\u00e9r\u00e9monie d'amour en Suisse\" width=\"1200\" height=\"800\" srcset=\"https:\/\/marylinrebelo.com\/wp-content\/uploads\/2020\/09\/190927_Brittney-Peter-elopement-Oeschinensee-CH-Bendik_Photography_052-min.jpg 1200w, https:\/\/marylinrebelo.com\/wp-content\/uploads\/2020\/09\/190927_Brittney-Peter-elopement-Oeschinensee-CH-Bendik_Photography_052-min-300x200.jpg 300w, https:\/\/marylinrebelo.com\/wp-content\/uploads\/2020\/09\/190927_Brittney-Peter-elopement-Oeschinensee-CH-Bendik_Photography_052-min-1024x683.jpg 1024w, https:\/\/marylinrebelo.com\/wp-content\/uploads\/2020\/09\/190927_Brittney-Peter-elopement-Oeschinensee-CH-Bendik_Photography_052-min-768x512.jpg 768w\" sizes=\"(max-width: 1200px) 100vw, 1200px\" \/><\/p>\n<h2>Taste of Adventure<\/h2>\n<p>I leave our lovers to let them enjoy the beauty of our mountains on the backdrop of which their love for adventure shines through particularly beautiful photographs.<\/p>\n<p>On my way down, I play back the whole day in my mind, feeling all the gratitude to be a part of this extraordinary adventure.<\/p>\n<p>An adventure even more precious today, exactly one year later.<\/p>\n<p>\u00a0<\/p>\n<div id='gallery-5' class='gallery galleryid-39099 gallery-columns-1 gallery-size-full'><figure class='gallery-item'>\n\t\t\t<div class='gallery-icon landscape'>\n\t\t\t\t<img decoding=\"async\" width=\"1200\" height=\"800\" src=\"https:\/\/marylinrebelo.com\/wp-content\/uploads\/2020\/09\/190927_Brittney-Peter-elopement-Oeschinensee-CH-Bendik_Photography_040-min.jpg\" class=\"attachment-full size-full\" alt=\"c\u00e9r\u00e9monie intime mariage oeschinensee\" srcset=\"https:\/\/marylinrebelo.com\/wp-content\/uploads\/2020\/09\/190927_Brittney-Peter-elopement-Oeschinensee-CH-Bendik_Photography_040-min.jpg 1200w, https:\/\/marylinrebelo.com\/wp-content\/uploads\/2020\/09\/190927_Brittney-Peter-elopement-Oeschinensee-CH-Bendik_Photography_040-min-300x200.jpg 300w, https:\/\/marylinrebelo.com\/wp-content\/uploads\/2020\/09\/190927_Brittney-Peter-elopement-Oeschinensee-CH-Bendik_Photography_040-min-1024x683.jpg 1024w, https:\/\/marylinrebelo.com\/wp-content\/uploads\/2020\/09\/190927_Brittney-Peter-elopement-Oeschinensee-CH-Bendik_Photography_040-min-768x512.jpg 768w\" sizes=\"(max-width: 1200px) 100vw, 1200px\" \/>\n\t\t\t<\/div><\/figure>\n\t\t<\/div>\n\n<div id='gallery-6' class='gallery galleryid-39099 gallery-columns-2 gallery-size-full'><figure class='gallery-item'>\n\t\t\t<div class='gallery-icon portrait'>\n\t\t\t\t<img decoding=\"async\" width=\"1200\" height=\"1800\" src=\"https:\/\/marylinrebelo.com\/wp-content\/uploads\/2020\/09\/190927_Brittney-Peter-elopement-Oeschinensee-CH-Bendik_Photography_074-min.jpg\" class=\"attachment-full size-full\" alt=\"couple amoureux \u00e0 oeschinensee\" srcset=\"https:\/\/marylinrebelo.com\/wp-content\/uploads\/2020\/09\/190927_Brittney-Peter-elopement-Oeschinensee-CH-Bendik_Photography_074-min.jpg 1200w, https:\/\/marylinrebelo.com\/wp-content\/uploads\/2020\/09\/190927_Brittney-Peter-elopement-Oeschinensee-CH-Bendik_Photography_074-min-200x300.jpg 200w, https:\/\/marylinrebelo.com\/wp-content\/uploads\/2020\/09\/190927_Brittney-Peter-elopement-Oeschinensee-CH-Bendik_Photography_074-min-683x1024.jpg 683w, https:\/\/marylinrebelo.com\/wp-content\/uploads\/2020\/09\/190927_Brittney-Peter-elopement-Oeschinensee-CH-Bendik_Photography_074-min-768x1152.jpg 768w, https:\/\/marylinrebelo.com\/wp-content\/uploads\/2020\/09\/190927_Brittney-Peter-elopement-Oeschinensee-CH-Bendik_Photography_074-min-1024x1536.jpg 1024w\" sizes=\"(max-width: 1200px) 100vw, 1200px\" \/>\n\t\t\t<\/div><\/figure><figure class='gallery-item'>\n\t\t\t<div class='gallery-icon portrait'>\n\t\t\t\t<img decoding=\"async\" width=\"1200\" height=\"1800\" src=\"https:\/\/marylinrebelo.com\/wp-content\/uploads\/2020\/09\/190927_Brittney-Peter-elopement-Oeschinensee-CH-Bendik_Photography_064-min.jpg\" class=\"attachment-full size-full\" alt=\"jeunes mari\u00e9s \u00e0 oeschinensee\" srcset=\"https:\/\/marylinrebelo.com\/wp-content\/uploads\/2020\/09\/190927_Brittney-Peter-elopement-Oeschinensee-CH-Bendik_Photography_064-min.jpg 1200w, https:\/\/marylinrebelo.com\/wp-content\/uploads\/2020\/09\/190927_Brittney-Peter-elopement-Oeschinensee-CH-Bendik_Photography_064-min-200x300.jpg 200w, https:\/\/marylinrebelo.com\/wp-content\/uploads\/2020\/09\/190927_Brittney-Peter-elopement-Oeschinensee-CH-Bendik_Photography_064-min-683x1024.jpg 683w, https:\/\/marylinrebelo.com\/wp-content\/uploads\/2020\/09\/190927_Brittney-Peter-elopement-Oeschinensee-CH-Bendik_Photography_064-min-768x1152.jpg 768w, https:\/\/marylinrebelo.com\/wp-content\/uploads\/2020\/09\/190927_Brittney-Peter-elopement-Oeschinensee-CH-Bendik_Photography_064-min-1024x1536.jpg 1024w\" sizes=\"(max-width: 1200px) 100vw, 1200px\" \/>\n\t\t\t<\/div><\/figure>\n\t\t<\/div>\n\n<div id='gallery-7' class='gallery galleryid-39099 gallery-columns-1 gallery-size-full'><figure class='gallery-item'>\n\t\t\t<div class='gallery-icon landscape'>\n\t\t\t\t<img decoding=\"async\" width=\"1200\" height=\"800\" src=\"https:\/\/marylinrebelo.com\/wp-content\/uploads\/2020\/09\/190927_Brittney-Peter-elopement-Oeschinensee-CH-Bendik_Photography_051-min.jpg\" class=\"attachment-full size-full\" alt=\"Elopement \u00e0 Oeschinensee, Suisse\" srcset=\"https:\/\/marylinrebelo.com\/wp-content\/uploads\/2020\/09\/190927_Brittney-Peter-elopement-Oeschinensee-CH-Bendik_Photography_051-min.jpg 1200w, https:\/\/marylinrebelo.com\/wp-content\/uploads\/2020\/09\/190927_Brittney-Peter-elopement-Oeschinensee-CH-Bendik_Photography_051-min-300x200.jpg 300w, https:\/\/marylinrebelo.com\/wp-content\/uploads\/2020\/09\/190927_Brittney-Peter-elopement-Oeschinensee-CH-Bendik_Photography_051-min-1024x683.jpg 1024w, https:\/\/marylinrebelo.com\/wp-content\/uploads\/2020\/09\/190927_Brittney-Peter-elopement-Oeschinensee-CH-Bendik_Photography_051-min-768x512.jpg 768w\" sizes=\"(max-width: 1200px) 100vw, 1200px\" \/>\n\t\t\t<\/div><\/figure>\n\t\t<\/div>\n\n<div id='gallery-8' class='gallery galleryid-39099 gallery-columns-2 gallery-size-full'><figure class='gallery-item'>\n\t\t\t<div class='gallery-icon portrait'>\n\t\t\t\t<img decoding=\"async\" width=\"1200\" height=\"1800\" src=\"https:\/\/marylinrebelo.com\/wp-content\/uploads\/2020\/09\/190927_Brittney-Peter-elopement-Oeschinensee-CH-Bendik_Photography_104-min.jpg\" class=\"attachment-full size-full\" alt=\"Amoureux qui s&#039;embrassent\" srcset=\"https:\/\/marylinrebelo.com\/wp-content\/uploads\/2020\/09\/190927_Brittney-Peter-elopement-Oeschinensee-CH-Bendik_Photography_104-min.jpg 1200w, https:\/\/marylinrebelo.com\/wp-content\/uploads\/2020\/09\/190927_Brittney-Peter-elopement-Oeschinensee-CH-Bendik_Photography_104-min-200x300.jpg 200w, https:\/\/marylinrebelo.com\/wp-content\/uploads\/2020\/09\/190927_Brittney-Peter-elopement-Oeschinensee-CH-Bendik_Photography_104-min-683x1024.jpg 683w, https:\/\/marylinrebelo.com\/wp-content\/uploads\/2020\/09\/190927_Brittney-Peter-elopement-Oeschinensee-CH-Bendik_Photography_104-min-768x1152.jpg 768w, https:\/\/marylinrebelo.com\/wp-content\/uploads\/2020\/09\/190927_Brittney-Peter-elopement-Oeschinensee-CH-Bendik_Photography_104-min-1024x1536.jpg 1024w\" sizes=\"(max-width: 1200px) 100vw, 1200px\" \/>\n\t\t\t<\/div><\/figure><figure class='gallery-item'>\n\t\t\t<div class='gallery-icon portrait'>\n\t\t\t\t<img decoding=\"async\" width=\"1200\" height=\"1800\" src=\"https:\/\/marylinrebelo.com\/wp-content\/uploads\/2020\/09\/190927_Brittney-Peter-elopement-Oeschinensee-CH-Bendik_Photography_086-min.jpg\" class=\"attachment-full size-full\" alt=\"Amoureux \u00e0 Oeschinensee\" srcset=\"https:\/\/marylinrebelo.com\/wp-content\/uploads\/2020\/09\/190927_Brittney-Peter-elopement-Oeschinensee-CH-Bendik_Photography_086-min.jpg 1200w, https:\/\/marylinrebelo.com\/wp-content\/uploads\/2020\/09\/190927_Brittney-Peter-elopement-Oeschinensee-CH-Bendik_Photography_086-min-200x300.jpg 200w, https:\/\/marylinrebelo.com\/wp-content\/uploads\/2020\/09\/190927_Brittney-Peter-elopement-Oeschinensee-CH-Bendik_Photography_086-min-683x1024.jpg 683w, https:\/\/marylinrebelo.com\/wp-content\/uploads\/2020\/09\/190927_Brittney-Peter-elopement-Oeschinensee-CH-Bendik_Photography_086-min-768x1152.jpg 768w, https:\/\/marylinrebelo.com\/wp-content\/uploads\/2020\/09\/190927_Brittney-Peter-elopement-Oeschinensee-CH-Bendik_Photography_086-min-1024x1536.jpg 1024w\" sizes=\"(max-width: 1200px) 100vw, 1200px\" \/>\n\t\t\t<\/div><\/figure>\n\t\t<\/div>\n\n<div id='gallery-9' class='gallery galleryid-39099 gallery-columns-1 gallery-size-full'><figure class='gallery-item'>\n\t\t\t<div class='gallery-icon landscape'>\n\t\t\t\t<img decoding=\"async\" width=\"1200\" height=\"800\" src=\"https:\/\/marylinrebelo.com\/wp-content\/uploads\/2020\/09\/190927_Brittney-Peter-elopement-Oeschinensee-CH-Bendik_Photography_022-min.jpg\" class=\"attachment-full size-full\" alt=\"Brittney, Peter &amp; Marylin Rebelo\" srcset=\"https:\/\/marylinrebelo.com\/wp-content\/uploads\/2020\/09\/190927_Brittney-Peter-elopement-Oeschinensee-CH-Bendik_Photography_022-min.jpg 1200w, https:\/\/marylinrebelo.com\/wp-content\/uploads\/2020\/09\/190927_Brittney-Peter-elopement-Oeschinensee-CH-Bendik_Photography_022-min-300x200.jpg 300w, https:\/\/marylinrebelo.com\/wp-content\/uploads\/2020\/09\/190927_Brittney-Peter-elopement-Oeschinensee-CH-Bendik_Photography_022-min-1024x683.jpg 1024w, https:\/\/marylinrebelo.com\/wp-content\/uploads\/2020\/09\/190927_Brittney-Peter-elopement-Oeschinensee-CH-Bendik_Photography_022-min-768x512.jpg 768w\" sizes=\"(max-width: 1200px) 100vw, 1200px\" \/>\n\t\t\t<\/div><\/figure>\n\t\t<\/div>\n\n<p>\u00a0<\/p>\n<p><em>Photos: <a href=\"https:\/\/bendik.ch\/\">Veronika Bendik<\/a><\/em><\/p>\n\n\n<p><\/p>\n","protected":false},"excerpt":{"rendered":"<p>Some days mark us forever for they are the perfect embodiment of Love, Nature, and what matters most in Life. This&#8230;<\/p>\n","protected":false},"author":5,"featured_media":38038,"comment_status":"open","ping_status":"open","sticky":false,"template":"","format":"aside","meta":{"_kad_blocks_custom_css":"","_kad_blocks_head_custom_js":"","_kad_blocks_body_custom_js":"","_kad_blocks_footer_custom_js":"","_kad_post_transparent":"","_kad_post_title":"","_kad_post_layout":"","_kad_post_sidebar_id":"","_kad_post_content_style":"","_kad_post_vertical_padding":"","_kad_post_feature":"","_kad_post_feature_position":"","_kad_post_header":false,"_kad_post_footer":false,"footnotes":""},"categories":[297],"tags":[],"class_list":["post-39099","post","type-post","status-publish","format-aside","has-post-thumbnail","hentry","category-portfolio-en","post_format-post-format-aside"],"yoast_head":"<!-- This site is optimized with the Yoast SEO plugin v27.0 - https:\/\/yoast.com\/product\/yoast-seo-wordpress\/ -->\n<title>Pure Helvetic Romance at Lake Oeschinen &#8211; Marylin Rebelo<\/title>\n<meta name=\"description\" content=\"Discover Brittney and Peter&#039;s elopement ceremony in Switzerland. This is what we can call a pure helvetic romance at lake Oeschinen.\" \/>\n<meta name=\"robots\" content=\"index, follow, max-snippet:-1, max-image-preview:large, max-video-preview:-1\" \/>\n<link rel=\"canonical\" href=\"https:\/\/marylinrebelo.com\/en\/helvetic-romance-lake-oeschinen\/\" \/>\n<meta property=\"og:locale\" content=\"en_US\" \/>\n<meta property=\"og:type\" content=\"article\" \/>\n<meta property=\"og:title\" content=\"Pure Helvetic Romance at Lake Oeschinen &#8211; Marylin Rebelo\" \/>\n<meta property=\"og:description\" content=\"Discover Brittney and Peter&#039;s elopement ceremony in Switzerland. This is what we can call a pure helvetic romance at lake Oeschinen.\" \/>\n<meta property=\"og:url\" content=\"https:\/\/marylinrebelo.com\/en\/helvetic-romance-lake-oeschinen\/\" \/>\n<meta property=\"og:site_name\" content=\"Marylin Rebelo\" \/>\n<meta property=\"article:publisher\" content=\"https:\/\/www.facebook.com\/alovelydayCH\" \/>\n<meta property=\"article:published_time\" content=\"2020-09-28T13:56:19+00:00\" \/>\n<meta property=\"article:modified_time\" content=\"2023-11-06T20:44:23+00:00\" \/>\n<meta property=\"og:image\" content=\"https:\/\/marylinrebelo.com\/wp-content\/uploads\/2020\/09\/190927_Brittney-Peter-elopement-Oeschinensee-CH-Bendik_Photography_018-min.jpg\" \/>\n\t<meta property=\"og:image:width\" content=\"1200\" \/>\n\t<meta property=\"og:image:height\" content=\"800\" \/>\n\t<meta property=\"og:image:type\" content=\"image\/jpeg\" \/>\n<meta name=\"author\" content=\"Marylin Rebelo\" \/>\n<meta name=\"twitter:card\" content=\"summary_large_image\" \/>\n<meta name=\"twitter:creator\" content=\"@aLovelyDay_ch\" \/>\n<meta name=\"twitter:site\" content=\"@aLovelyDay_ch\" \/>\n<meta name=\"twitter:label1\" content=\"Written by\" \/>\n\t<meta name=\"twitter:data1\" content=\"Marylin Rebelo\" \/>\n\t<meta name=\"twitter:label2\" content=\"Est. reading time\" \/>\n\t<meta name=\"twitter:data2\" content=\"5 minutes\" \/>\n<script type=\"application\/ld+json\" class=\"yoast-schema-graph\">{\"@context\":\"https:\/\/schema.org\",\"@graph\":[{\"@type\":\"Article\",\"@id\":\"https:\/\/marylinrebelo.com\/en\/helvetic-romance-lake-oeschinen\/#article\",\"isPartOf\":{\"@id\":\"https:\/\/marylinrebelo.com\/en\/helvetic-romance-lake-oeschinen\/\"},\"author\":{\"name\":\"Marylin Rebelo\",\"@id\":\"https:\/\/marylinrebelo.com\/en\/#\/schema\/person\/21123a7022943d0ea40b2c967b7a1cbf\"},\"headline\":\"Pure Helvetic Romance at Lake Oeschinen\",\"datePublished\":\"2020-09-28T13:56:19+00:00\",\"dateModified\":\"2023-11-06T20:44:23+00:00\",\"mainEntityOfPage\":{\"@id\":\"https:\/\/marylinrebelo.com\/en\/helvetic-romance-lake-oeschinen\/\"},\"wordCount\":741,\"commentCount\":0,\"publisher\":{\"@id\":\"https:\/\/marylinrebelo.com\/en\/#organization\"},\"image\":{\"@id\":\"https:\/\/marylinrebelo.com\/en\/helvetic-romance-lake-oeschinen\/#primaryimage\"},\"thumbnailUrl\":\"https:\/\/marylinrebelo.com\/wp-content\/uploads\/2020\/09\/190927_Brittney-Peter-elopement-Oeschinensee-CH-Bendik_Photography_018-min.jpg\",\"articleSection\":[\"Portfolio\"],\"inLanguage\":\"en-US\",\"potentialAction\":[{\"@type\":\"CommentAction\",\"name\":\"Comment\",\"target\":[\"https:\/\/marylinrebelo.com\/en\/helvetic-romance-lake-oeschinen\/#respond\"]}]},{\"@type\":\"WebPage\",\"@id\":\"https:\/\/marylinrebelo.com\/en\/helvetic-romance-lake-oeschinen\/\",\"url\":\"https:\/\/marylinrebelo.com\/en\/helvetic-romance-lake-oeschinen\/\",\"name\":\"Pure Helvetic Romance at Lake Oeschinen &#8211; Marylin Rebelo\",\"isPartOf\":{\"@id\":\"https:\/\/marylinrebelo.com\/en\/#website\"},\"primaryImageOfPage\":{\"@id\":\"https:\/\/marylinrebelo.com\/en\/helvetic-romance-lake-oeschinen\/#primaryimage\"},\"image\":{\"@id\":\"https:\/\/marylinrebelo.com\/en\/helvetic-romance-lake-oeschinen\/#primaryimage\"},\"thumbnailUrl\":\"https:\/\/marylinrebelo.com\/wp-content\/uploads\/2020\/09\/190927_Brittney-Peter-elopement-Oeschinensee-CH-Bendik_Photography_018-min.jpg\",\"datePublished\":\"2020-09-28T13:56:19+00:00\",\"dateModified\":\"2023-11-06T20:44:23+00:00\",\"description\":\"Discover Brittney and Peter's elopement ceremony in Switzerland. This is what we can call a pure helvetic romance at lake Oeschinen.\",\"breadcrumb\":{\"@id\":\"https:\/\/marylinrebelo.com\/en\/helvetic-romance-lake-oeschinen\/#breadcrumb\"},\"inLanguage\":\"en-US\",\"potentialAction\":[{\"@type\":\"ReadAction\",\"target\":[\"https:\/\/marylinrebelo.com\/en\/helvetic-romance-lake-oeschinen\/\"]}]},{\"@type\":\"ImageObject\",\"inLanguage\":\"en-US\",\"@id\":\"https:\/\/marylinrebelo.com\/en\/helvetic-romance-lake-oeschinen\/#primaryimage\",\"url\":\"https:\/\/marylinrebelo.com\/wp-content\/uploads\/2020\/09\/190927_Brittney-Peter-elopement-Oeschinensee-CH-Bendik_Photography_018-min.jpg\",\"contentUrl\":\"https:\/\/marylinrebelo.com\/wp-content\/uploads\/2020\/09\/190927_Brittney-Peter-elopement-Oeschinensee-CH-Bendik_Photography_018-min.jpg\",\"width\":1200,\"height\":800,\"caption\":\"c\u00e9r\u00e9monie elopement oeschinensee\"},{\"@type\":\"BreadcrumbList\",\"@id\":\"https:\/\/marylinrebelo.com\/en\/helvetic-romance-lake-oeschinen\/#breadcrumb\",\"itemListElement\":[{\"@type\":\"ListItem\",\"position\":1,\"name\":\"Accueil\",\"item\":\"https:\/\/marylinrebelo.com\/en\/wedding-elopement-officiant-switzerland\/\"},{\"@type\":\"ListItem\",\"position\":2,\"name\":\"Pure Helvetic Romance at Lake Oeschinen\"}]},{\"@type\":\"WebSite\",\"@id\":\"https:\/\/marylinrebelo.com\/en\/#website\",\"url\":\"https:\/\/marylinrebelo.com\/en\/\",\"name\":\"Marylin Rebelo\",\"description\":\"Votre c\u00e9r\u00e9monie la\u00efque et mariage la\u00efque en Suisse\",\"publisher\":{\"@id\":\"https:\/\/marylinrebelo.com\/en\/#organization\"},\"potentialAction\":[{\"@type\":\"SearchAction\",\"target\":{\"@type\":\"EntryPoint\",\"urlTemplate\":\"https:\/\/marylinrebelo.com\/en\/?s={search_term_string}\"},\"query-input\":{\"@type\":\"PropertyValueSpecification\",\"valueRequired\":true,\"valueName\":\"search_term_string\"}}],\"inLanguage\":\"en-US\"},{\"@type\":\"Organization\",\"@id\":\"https:\/\/marylinrebelo.com\/en\/#organization\",\"name\":\"Marylin Rebelo\",\"url\":\"https:\/\/marylinrebelo.com\/en\/\",\"logo\":{\"@type\":\"ImageObject\",\"inLanguage\":\"en-US\",\"@id\":\"https:\/\/marylinrebelo.com\/en\/#\/schema\/logo\/image\/\",\"url\":\"\",\"contentUrl\":\"\",\"caption\":\"Marylin Rebelo\"},\"image\":{\"@id\":\"https:\/\/marylinrebelo.com\/en\/#\/schema\/logo\/image\/\"},\"sameAs\":[\"https:\/\/www.facebook.com\/alovelydayCH\",\"https:\/\/x.com\/aLovelyDay_ch\",\"https:\/\/instagram.com\/alovelyday.ch\",\"https:\/\/www.linkedin.com\/company\/9460884\",\"https:\/\/fr.pinterest.com\/alovelydaych\/\",\"https:\/\/www.youtube.com\/channel\/UCNUdZ4IFmcOazE3kaNo9pcw\"]},{\"@type\":\"Person\",\"@id\":\"https:\/\/marylinrebelo.com\/en\/#\/schema\/person\/21123a7022943d0ea40b2c967b7a1cbf\",\"name\":\"Marylin Rebelo\",\"image\":{\"@type\":\"ImageObject\",\"inLanguage\":\"en-US\",\"@id\":\"https:\/\/marylinrebelo.com\/en\/#\/schema\/person\/image\/\",\"url\":\"https:\/\/secure.gravatar.com\/avatar\/df73acbcc631435b6685b5756e218c27c8b8edec7dc7227875bcaa6ac3fc6e57?s=96&d=mm&r=g\",\"contentUrl\":\"https:\/\/secure.gravatar.com\/avatar\/df73acbcc631435b6685b5756e218c27c8b8edec7dc7227875bcaa6ac3fc6e57?s=96&d=mm&r=g\",\"caption\":\"Marylin Rebelo\"}}]}<\/script>\n<!-- \/ Yoast SEO plugin. -->","yoast_head_json":{"title":"Pure Helvetic Romance at Lake Oeschinen &#8211; Marylin Rebelo","description":"Discover Brittney and Peter's elopement ceremony in Switzerland. This is what we can call a pure helvetic romance at lake Oeschinen.","robots":{"index":"index","follow":"follow","max-snippet":"max-snippet:-1","max-image-preview":"max-image-preview:large","max-video-preview":"max-video-preview:-1"},"canonical":"https:\/\/marylinrebelo.com\/en\/helvetic-romance-lake-oeschinen\/","og_locale":"en_US","og_type":"article","og_title":"Pure Helvetic Romance at Lake Oeschinen &#8211; Marylin Rebelo","og_description":"Discover Brittney and Peter's elopement ceremony in Switzerland. This is what we can call a pure helvetic romance at lake Oeschinen.","og_url":"https:\/\/marylinrebelo.com\/en\/helvetic-romance-lake-oeschinen\/","og_site_name":"Marylin Rebelo","article_publisher":"https:\/\/www.facebook.com\/alovelydayCH","article_published_time":"2020-09-28T13:56:19+00:00","article_modified_time":"2023-11-06T20:44:23+00:00","og_image":[{"width":1200,"height":800,"url":"https:\/\/marylinrebelo.com\/wp-content\/uploads\/2020\/09\/190927_Brittney-Peter-elopement-Oeschinensee-CH-Bendik_Photography_018-min.jpg","type":"image\/jpeg"}],"author":"Marylin Rebelo","twitter_card":"summary_large_image","twitter_creator":"@aLovelyDay_ch","twitter_site":"@aLovelyDay_ch","twitter_misc":{"Written by":"Marylin Rebelo","Est. reading time":"5 minutes"},"schema":{"@context":"https:\/\/schema.org","@graph":[{"@type":"Article","@id":"https:\/\/marylinrebelo.com\/en\/helvetic-romance-lake-oeschinen\/#article","isPartOf":{"@id":"https:\/\/marylinrebelo.com\/en\/helvetic-romance-lake-oeschinen\/"},"author":{"name":"Marylin Rebelo","@id":"https:\/\/marylinrebelo.com\/en\/#\/schema\/person\/21123a7022943d0ea40b2c967b7a1cbf"},"headline":"Pure Helvetic Romance at Lake Oeschinen","datePublished":"2020-09-28T13:56:19+00:00","dateModified":"2023-11-06T20:44:23+00:00","mainEntityOfPage":{"@id":"https:\/\/marylinrebelo.com\/en\/helvetic-romance-lake-oeschinen\/"},"wordCount":741,"commentCount":0,"publisher":{"@id":"https:\/\/marylinrebelo.com\/en\/#organization"},"image":{"@id":"https:\/\/marylinrebelo.com\/en\/helvetic-romance-lake-oeschinen\/#primaryimage"},"thumbnailUrl":"https:\/\/marylinrebelo.com\/wp-content\/uploads\/2020\/09\/190927_Brittney-Peter-elopement-Oeschinensee-CH-Bendik_Photography_018-min.jpg","articleSection":["Portfolio"],"inLanguage":"en-US","potentialAction":[{"@type":"CommentAction","name":"Comment","target":["https:\/\/marylinrebelo.com\/en\/helvetic-romance-lake-oeschinen\/#respond"]}]},{"@type":"WebPage","@id":"https:\/\/marylinrebelo.com\/en\/helvetic-romance-lake-oeschinen\/","url":"https:\/\/marylinrebelo.com\/en\/helvetic-romance-lake-oeschinen\/","name":"Pure Helvetic Romance at Lake Oeschinen &#8211; Marylin Rebelo","isPartOf":{"@id":"https:\/\/marylinrebelo.com\/en\/#website"},"primaryImageOfPage":{"@id":"https:\/\/marylinrebelo.com\/en\/helvetic-romance-lake-oeschinen\/#primaryimage"},"image":{"@id":"https:\/\/marylinrebelo.com\/en\/helvetic-romance-lake-oeschinen\/#primaryimage"},"thumbnailUrl":"https:\/\/marylinrebelo.com\/wp-content\/uploads\/2020\/09\/190927_Brittney-Peter-elopement-Oeschinensee-CH-Bendik_Photography_018-min.jpg","datePublished":"2020-09-28T13:56:19+00:00","dateModified":"2023-11-06T20:44:23+00:00","description":"Discover Brittney and Peter's elopement ceremony in Switzerland. This is what we can call a pure helvetic romance at lake Oeschinen.","breadcrumb":{"@id":"https:\/\/marylinrebelo.com\/en\/helvetic-romance-lake-oeschinen\/#breadcrumb"},"inLanguage":"en-US","potentialAction":[{"@type":"ReadAction","target":["https:\/\/marylinrebelo.com\/en\/helvetic-romance-lake-oeschinen\/"]}]},{"@type":"ImageObject","inLanguage":"en-US","@id":"https:\/\/marylinrebelo.com\/en\/helvetic-romance-lake-oeschinen\/#primaryimage","url":"https:\/\/marylinrebelo.com\/wp-content\/uploads\/2020\/09\/190927_Brittney-Peter-elopement-Oeschinensee-CH-Bendik_Photography_018-min.jpg","contentUrl":"https:\/\/marylinrebelo.com\/wp-content\/uploads\/2020\/09\/190927_Brittney-Peter-elopement-Oeschinensee-CH-Bendik_Photography_018-min.jpg","width":1200,"height":800,"caption":"c\u00e9r\u00e9monie elopement oeschinensee"},{"@type":"BreadcrumbList","@id":"https:\/\/marylinrebelo.com\/en\/helvetic-romance-lake-oeschinen\/#breadcrumb","itemListElement":[{"@type":"ListItem","position":1,"name":"Accueil","item":"https:\/\/marylinrebelo.com\/en\/wedding-elopement-officiant-switzerland\/"},{"@type":"ListItem","position":2,"name":"Pure Helvetic Romance at Lake Oeschinen"}]},{"@type":"WebSite","@id":"https:\/\/marylinrebelo.com\/en\/#website","url":"https:\/\/marylinrebelo.com\/en\/","name":"Marylin Rebelo","description":"Votre c\u00e9r\u00e9monie la\u00efque et mariage la\u00efque en Suisse","publisher":{"@id":"https:\/\/marylinrebelo.com\/en\/#organization"},"potentialAction":[{"@type":"SearchAction","target":{"@type":"EntryPoint","urlTemplate":"https:\/\/marylinrebelo.com\/en\/?s={search_term_string}"},"query-input":{"@type":"PropertyValueSpecification","valueRequired":true,"valueName":"search_term_string"}}],"inLanguage":"en-US"},{"@type":"Organization","@id":"https:\/\/marylinrebelo.com\/en\/#organization","name":"Marylin Rebelo","url":"https:\/\/marylinrebelo.com\/en\/","logo":{"@type":"ImageObject","inLanguage":"en-US","@id":"https:\/\/marylinrebelo.com\/en\/#\/schema\/logo\/image\/","url":"","contentUrl":"","caption":"Marylin Rebelo"},"image":{"@id":"https:\/\/marylinrebelo.com\/en\/#\/schema\/logo\/image\/"},"sameAs":["https:\/\/www.facebook.com\/alovelydayCH","https:\/\/x.com\/aLovelyDay_ch","https:\/\/instagram.com\/alovelyday.ch","https:\/\/www.linkedin.com\/company\/9460884","https:\/\/fr.pinterest.com\/alovelydaych\/","https:\/\/www.youtube.com\/channel\/UCNUdZ4IFmcOazE3kaNo9pcw"]},{"@type":"Person","@id":"https:\/\/marylinrebelo.com\/en\/#\/schema\/person\/21123a7022943d0ea40b2c967b7a1cbf","name":"Marylin Rebelo","image":{"@type":"ImageObject","inLanguage":"en-US","@id":"https:\/\/marylinrebelo.com\/en\/#\/schema\/person\/image\/","url":"https:\/\/secure.gravatar.com\/avatar\/df73acbcc631435b6685b5756e218c27c8b8edec7dc7227875bcaa6ac3fc6e57?s=96&d=mm&r=g","contentUrl":"https:\/\/secure.gravatar.com\/avatar\/df73acbcc631435b6685b5756e218c27c8b8edec7dc7227875bcaa6ac3fc6e57?s=96&d=mm&r=g","caption":"Marylin Rebelo"}}]}},"taxonomy_info":{"category":[{"value":297,"label":"Portfolio"}]},"featured_image_src_large":["https:\/\/marylinrebelo.com\/wp-content\/uploads\/2020\/09\/190927_Brittney-Peter-elopement-Oeschinensee-CH-Bendik_Photography_018-min-1024x683.jpg",1024,683,true],"author_info":{"display_name":"Marylin Rebelo","author_link":"https:\/\/marylinrebelo.com\/en\/author\/marylinalovelyday-ch\/"},"comment_info":0,"category_info":[{"term_id":297,"name":"Portfolio","slug":"portfolio-en","term_group":0,"term_taxonomy_id":297,"taxonomy":"category","description":"","parent":0,"count":18,"filter":"raw","term_order":"0","cat_ID":297,"category_count":18,"category_description":"","cat_name":"Portfolio","category_nicename":"portfolio-en","category_parent":0}],"tag_info":false,"_links":{"self":[{"href":"https:\/\/marylinrebelo.com\/en\/wp-json\/wp\/v2\/posts\/39099","targetHints":{"allow":["GET"]}}],"collection":[{"href":"https:\/\/marylinrebelo.com\/en\/wp-json\/wp\/v2\/posts"}],"about":[{"href":"https:\/\/marylinrebelo.com\/en\/wp-json\/wp\/v2\/types\/post"}],"author":[{"embeddable":true,"href":"https:\/\/marylinrebelo.com\/en\/wp-json\/wp\/v2\/users\/5"}],"replies":[{"embeddable":true,"href":"https:\/\/marylinrebelo.com\/en\/wp-json\/wp\/v2\/comments?post=39099"}],"version-history":[{"count":0,"href":"https:\/\/marylinrebelo.com\/en\/wp-json\/wp\/v2\/posts\/39099\/revisions"}],"wp:featuredmedia":[{"embeddable":true,"href":"https:\/\/marylinrebelo.com\/en\/wp-json\/wp\/v2\/media\/38038"}],"wp:attachment":[{"href":"https:\/\/marylinrebelo.com\/en\/wp-json\/wp\/v2\/media?parent=39099"}],"wp:term":[{"taxonomy":"category","embeddable":true,"href":"https:\/\/marylinrebelo.com\/en\/wp-json\/wp\/v2\/categories?post=39099"},{"taxonomy":"post_tag","embeddable":true,"href":"https:\/\/marylinrebelo.com\/en\/wp-json\/wp\/v2\/tags?post=39099"}],"curies":[{"name":"wp","href":"https:\/\/api.w.org\/{rel}","templated":true}]}}