{"id":29984,"date":"2019-04-10T20:00:05","date_gmt":"2019-04-10T18:00:05","guid":{"rendered":"https:\/\/marylinrebelo.com\/?p=29984"},"modified":"2023-11-06T21:58:49","modified_gmt":"2023-11-06T20:58:49","slug":"elopement-geneva","status":"publish","type":"post","link":"https:\/\/marylinrebelo.com\/en\/elopement-geneva\/","title":{"rendered":"A Romantic Palace Elopement in Geneva"},"content":{"rendered":"<p style=\"text-align: justify;\">This was a magical moment, beautifully organized by wedding planner, Kristell Calvez of A Very Special Day, and wonderfully photographed by Christelle Naville at the mythical Geneva Beau-Rivage Hotel.<\/p>\n<h2 class=\"soustitreblog\">A Magical Renewal of Vows at the Beau-Rivage<\/h2>\n<p>An endearing couple who have been in love with each other for years and are now parents to a sweet young boy. This ceremony moved me as it was filled with such elegance and detail. It felt as if we were experiencing being in a real-life Pinterest board. The love they have for each other was felt throughout the room and it could not have been any more magical.<\/p>\n<p style=\"text-align: justify;\">It can be hard to imagine what this ceremony looked like. Sometimes pictures are better than words.<\/p>\n<div id='gallery-1' class='gallery galleryid-29984 gallery-columns-3 gallery-size-large'><figure class='gallery-item'>\n\t\t\t<div class='gallery-icon portrait'>\n\t\t\t\t<img decoding=\"async\" width=\"684\" height=\"1024\" src=\"https:\/\/marylinrebelo.com\/wp-content\/uploads\/2017\/04\/elopement-palace-geneva-684x1024.jpg\" class=\"attachment-large size-large\" alt=\"elopement palace geneva\" srcset=\"https:\/\/marylinrebelo.com\/wp-content\/uploads\/2017\/04\/elopement-palace-geneva-684x1024.jpg 684w, https:\/\/marylinrebelo.com\/wp-content\/uploads\/2017\/04\/elopement-palace-geneva-200x300.jpg 200w, https:\/\/marylinrebelo.com\/wp-content\/uploads\/2017\/04\/elopement-palace-geneva-768x1151.jpg 768w, https:\/\/marylinrebelo.com\/wp-content\/uploads\/2017\/04\/elopement-palace-geneva.jpg 1024w\" sizes=\"(max-width: 684px) 100vw, 684px\" \/>\n\t\t\t<\/div><\/figure><figure class='gallery-item'>\n\t\t\t<div class='gallery-icon portrait'>\n\t\t\t\t<img decoding=\"async\" width=\"684\" height=\"1024\" src=\"https:\/\/marylinrebelo.com\/wp-content\/uploads\/2017\/04\/elopement-palace-switzerland-684x1024.jpg\" class=\"attachment-large size-large\" alt=\"elopement palace switzerland\" srcset=\"https:\/\/marylinrebelo.com\/wp-content\/uploads\/2017\/04\/elopement-palace-switzerland-684x1024.jpg 684w, https:\/\/marylinrebelo.com\/wp-content\/uploads\/2017\/04\/elopement-palace-switzerland-200x300.jpg 200w, https:\/\/marylinrebelo.com\/wp-content\/uploads\/2017\/04\/elopement-palace-switzerland-768x1151.jpg 768w, https:\/\/marylinrebelo.com\/wp-content\/uploads\/2017\/04\/elopement-palace-switzerland.jpg 1024w\" sizes=\"(max-width: 684px) 100vw, 684px\" \/>\n\t\t\t<\/div><\/figure><figure class='gallery-item'>\n\t\t\t<div class='gallery-icon portrait'>\n\t\t\t\t<img decoding=\"async\" width=\"684\" height=\"1024\" src=\"https:\/\/marylinrebelo.com\/wp-content\/uploads\/2017\/04\/elopement-luxury-684x1024.jpg\" class=\"attachment-large size-large\" alt=\"elopement luxury\" srcset=\"https:\/\/marylinrebelo.com\/wp-content\/uploads\/2017\/04\/elopement-luxury-684x1024.jpg 684w, https:\/\/marylinrebelo.com\/wp-content\/uploads\/2017\/04\/elopement-luxury-200x300.jpg 200w, https:\/\/marylinrebelo.com\/wp-content\/uploads\/2017\/04\/elopement-luxury-768x1151.jpg 768w, https:\/\/marylinrebelo.com\/wp-content\/uploads\/2017\/04\/elopement-luxury.jpg 1024w\" sizes=\"(max-width: 684px) 100vw, 684px\" \/>\n\t\t\t<\/div><\/figure>\n\t\t<\/div>\n\n<div id='gallery-2' class='gallery galleryid-29984 gallery-columns-2 gallery-size-large'><figure class='gallery-item'>\n\t\t\t<div class='gallery-icon landscape'>\n\t\t\t\t<img decoding=\"async\" width=\"1024\" height=\"683\" src=\"https:\/\/marylinrebelo.com\/wp-content\/uploads\/2017\/04\/luxury-wedding-switzerland-1024x683.jpg\" class=\"attachment-large size-large\" alt=\"luxury wedding switzerland\" srcset=\"https:\/\/marylinrebelo.com\/wp-content\/uploads\/2017\/04\/luxury-wedding-switzerland.jpg 1024w, https:\/\/marylinrebelo.com\/wp-content\/uploads\/2017\/04\/luxury-wedding-switzerland-300x200.jpg 300w, https:\/\/marylinrebelo.com\/wp-content\/uploads\/2017\/04\/luxury-wedding-switzerland-768x512.jpg 768w, https:\/\/marylinrebelo.com\/wp-content\/uploads\/2017\/04\/luxury-wedding-switzerland-272x182.jpg 272w\" sizes=\"(max-width: 1024px) 100vw, 1024px\" \/>\n\t\t\t<\/div><\/figure><figure class='gallery-item'>\n\t\t\t<div class='gallery-icon landscape'>\n\t\t\t\t<img decoding=\"async\" width=\"1024\" height=\"683\" src=\"https:\/\/marylinrebelo.com\/wp-content\/uploads\/2017\/04\/mariage-luxe-suisse-1024x683.jpg\" class=\"attachment-large size-large\" alt=\"mariage luxe suisse\" srcset=\"https:\/\/marylinrebelo.com\/wp-content\/uploads\/2017\/04\/mariage-luxe-suisse.jpg 1024w, https:\/\/marylinrebelo.com\/wp-content\/uploads\/2017\/04\/mariage-luxe-suisse-300x200.jpg 300w, https:\/\/marylinrebelo.com\/wp-content\/uploads\/2017\/04\/mariage-luxe-suisse-768x512.jpg 768w, https:\/\/marylinrebelo.com\/wp-content\/uploads\/2017\/04\/mariage-luxe-suisse-272x182.jpg 272w\" sizes=\"(max-width: 1024px) 100vw, 1024px\" \/>\n\t\t\t<\/div><\/figure>\n\t\t<\/div>\n\n<div id='gallery-3' class='gallery galleryid-29984 gallery-columns-3 gallery-size-large'><figure class='gallery-item'>\n\t\t\t<div class='gallery-icon landscape'>\n\t\t\t\t<img decoding=\"async\" width=\"1024\" height=\"683\" src=\"https:\/\/marylinrebelo.com\/wp-content\/uploads\/2017\/04\/mariage-geneve-1024x683.jpg\" class=\"attachment-large size-large\" alt=\"mariage gen\u00e8ve\" srcset=\"https:\/\/marylinrebelo.com\/wp-content\/uploads\/2017\/04\/mariage-geneve.jpg 1024w, https:\/\/marylinrebelo.com\/wp-content\/uploads\/2017\/04\/mariage-geneve-300x200.jpg 300w, https:\/\/marylinrebelo.com\/wp-content\/uploads\/2017\/04\/mariage-geneve-768x512.jpg 768w, https:\/\/marylinrebelo.com\/wp-content\/uploads\/2017\/04\/mariage-geneve-272x182.jpg 272w\" sizes=\"(max-width: 1024px) 100vw, 1024px\" \/>\n\t\t\t<\/div><\/figure><figure class='gallery-item'>\n\t\t\t<div class='gallery-icon landscape'>\n\t\t\t\t<img decoding=\"async\" width=\"1024\" height=\"684\" src=\"https:\/\/marylinrebelo.com\/wp-content\/uploads\/2017\/04\/wedding-luxury-switzerland-1024x684.jpg\" class=\"attachment-large size-large\" alt=\"wedding luxury switzerland\" srcset=\"https:\/\/marylinrebelo.com\/wp-content\/uploads\/2017\/04\/wedding-luxury-switzerland.jpg 1024w, https:\/\/marylinrebelo.com\/wp-content\/uploads\/2017\/04\/wedding-luxury-switzerland-300x200.jpg 300w, https:\/\/marylinrebelo.com\/wp-content\/uploads\/2017\/04\/wedding-luxury-switzerland-768x513.jpg 768w, https:\/\/marylinrebelo.com\/wp-content\/uploads\/2017\/04\/wedding-luxury-switzerland-272x182.jpg 272w\" sizes=\"(max-width: 1024px) 100vw, 1024px\" \/>\n\t\t\t<\/div><\/figure><figure class='gallery-item'>\n\t\t\t<div class='gallery-icon landscape'>\n\t\t\t\t<img decoding=\"async\" width=\"1024\" height=\"683\" src=\"https:\/\/marylinrebelo.com\/wp-content\/uploads\/2017\/04\/elopement-luxury-geneva-1024x683.jpg\" class=\"attachment-large size-large\" alt=\"elopement luxury geneva\" srcset=\"https:\/\/marylinrebelo.com\/wp-content\/uploads\/2017\/04\/elopement-luxury-geneva.jpg 1024w, https:\/\/marylinrebelo.com\/wp-content\/uploads\/2017\/04\/elopement-luxury-geneva-300x200.jpg 300w, https:\/\/marylinrebelo.com\/wp-content\/uploads\/2017\/04\/elopement-luxury-geneva-768x512.jpg 768w, https:\/\/marylinrebelo.com\/wp-content\/uploads\/2017\/04\/elopement-luxury-geneva-272x182.jpg 272w\" sizes=\"(max-width: 1024px) 100vw, 1024px\" \/>\n\t\t\t<\/div><\/figure>\n\t\t<\/div>\n\n<div id='gallery-4' class='gallery galleryid-29984 gallery-columns-2 gallery-size-large'><figure class='gallery-item'>\n\t\t\t<div class='gallery-icon portrait'>\n\t\t\t\t<img decoding=\"async\" width=\"684\" height=\"1024\" src=\"https:\/\/marylinrebelo.com\/wp-content\/uploads\/2017\/04\/mariage-luxe-geneve-684x1024.jpg\" class=\"attachment-large size-large\" alt=\"mariage luxe gen\u00e8ve\" srcset=\"https:\/\/marylinrebelo.com\/wp-content\/uploads\/2017\/04\/mariage-luxe-geneve-684x1024.jpg 684w, https:\/\/marylinrebelo.com\/wp-content\/uploads\/2017\/04\/mariage-luxe-geneve-200x300.jpg 200w, https:\/\/marylinrebelo.com\/wp-content\/uploads\/2017\/04\/mariage-luxe-geneve-768x1151.jpg 768w, https:\/\/marylinrebelo.com\/wp-content\/uploads\/2017\/04\/mariage-luxe-geneve.jpg 1024w\" sizes=\"(max-width: 684px) 100vw, 684px\" \/>\n\t\t\t<\/div><\/figure><figure class='gallery-item'>\n\t\t\t<div class='gallery-icon portrait'>\n\t\t\t\t<img decoding=\"async\" width=\"684\" height=\"1024\" src=\"https:\/\/marylinrebelo.com\/wp-content\/uploads\/2017\/04\/wedding-palace-geneva-684x1024.jpg\" class=\"attachment-large size-large\" alt=\"wedding palace geneva\" srcset=\"https:\/\/marylinrebelo.com\/wp-content\/uploads\/2017\/04\/wedding-palace-geneva-684x1024.jpg 684w, https:\/\/marylinrebelo.com\/wp-content\/uploads\/2017\/04\/wedding-palace-geneva-200x300.jpg 200w, https:\/\/marylinrebelo.com\/wp-content\/uploads\/2017\/04\/wedding-palace-geneva-768x1151.jpg 768w, https:\/\/marylinrebelo.com\/wp-content\/uploads\/2017\/04\/wedding-palace-geneva.jpg 1024w\" sizes=\"(max-width: 684px) 100vw, 684px\" \/>\n\t\t\t<\/div><\/figure>\n\t\t<\/div>\n\n<div id='gallery-5' class='gallery galleryid-29984 gallery-columns-3 gallery-size-large'><figure class='gallery-item'>\n\t\t\t<div class='gallery-icon portrait'>\n\t\t\t\t<img decoding=\"async\" width=\"684\" height=\"1024\" src=\"https:\/\/marylinrebelo.com\/wp-content\/uploads\/2017\/04\/elopement-vow-renewal-684x1024.jpg\" class=\"attachment-large size-large\" alt=\"elopement vow renewal\" srcset=\"https:\/\/marylinrebelo.com\/wp-content\/uploads\/2017\/04\/elopement-vow-renewal-684x1024.jpg 684w, https:\/\/marylinrebelo.com\/wp-content\/uploads\/2017\/04\/elopement-vow-renewal-200x300.jpg 200w, https:\/\/marylinrebelo.com\/wp-content\/uploads\/2017\/04\/elopement-vow-renewal-768x1151.jpg 768w, https:\/\/marylinrebelo.com\/wp-content\/uploads\/2017\/04\/elopement-vow-renewal.jpg 1024w\" sizes=\"(max-width: 684px) 100vw, 684px\" \/>\n\t\t\t<\/div><\/figure><figure class='gallery-item'>\n\t\t\t<div class='gallery-icon portrait'>\n\t\t\t\t<img decoding=\"async\" width=\"684\" height=\"1024\" src=\"https:\/\/marylinrebelo.com\/wp-content\/uploads\/2017\/04\/luxury-wedding-684x1024.jpg\" class=\"attachment-large size-large\" alt=\"luxury wedding\" srcset=\"https:\/\/marylinrebelo.com\/wp-content\/uploads\/2017\/04\/luxury-wedding-684x1024.jpg 684w, https:\/\/marylinrebelo.com\/wp-content\/uploads\/2017\/04\/luxury-wedding-200x300.jpg 200w, https:\/\/marylinrebelo.com\/wp-content\/uploads\/2017\/04\/luxury-wedding-768x1151.jpg 768w, https:\/\/marylinrebelo.com\/wp-content\/uploads\/2017\/04\/luxury-wedding.jpg 1024w\" sizes=\"(max-width: 684px) 100vw, 684px\" \/>\n\t\t\t<\/div><\/figure><figure class='gallery-item'>\n\t\t\t<div class='gallery-icon portrait'>\n\t\t\t\t<img decoding=\"async\" width=\"684\" height=\"1024\" src=\"https:\/\/marylinrebelo.com\/wp-content\/uploads\/2017\/04\/mariage-palace-geneve-684x1024.jpg\" class=\"attachment-large size-large\" alt=\"mariage palace gen\u00e8ve\" srcset=\"https:\/\/marylinrebelo.com\/wp-content\/uploads\/2017\/04\/mariage-palace-geneve-684x1024.jpg 684w, https:\/\/marylinrebelo.com\/wp-content\/uploads\/2017\/04\/mariage-palace-geneve-200x300.jpg 200w, https:\/\/marylinrebelo.com\/wp-content\/uploads\/2017\/04\/mariage-palace-geneve-768x1151.jpg 768w, https:\/\/marylinrebelo.com\/wp-content\/uploads\/2017\/04\/mariage-palace-geneve.jpg 1024w\" sizes=\"(max-width: 684px) 100vw, 684px\" \/>\n\t\t\t<\/div><\/figure>\n\t\t<\/div>\n\n<div id='gallery-6' class='gallery galleryid-29984 gallery-columns-1 gallery-size-large'><figure class='gallery-item'>\n\t\t\t<div class='gallery-icon landscape'>\n\t\t\t\t<img decoding=\"async\" width=\"1024\" height=\"683\" src=\"https:\/\/marylinrebelo.com\/wp-content\/uploads\/2017\/04\/elopement-alovelyday-1024x683.jpg\" class=\"attachment-large size-large\" alt=\"elopement geneva, wedding ceremony\" srcset=\"https:\/\/marylinrebelo.com\/wp-content\/uploads\/2017\/04\/elopement-alovelyday.jpg 1024w, https:\/\/marylinrebelo.com\/wp-content\/uploads\/2017\/04\/elopement-alovelyday-300x200.jpg 300w, https:\/\/marylinrebelo.com\/wp-content\/uploads\/2017\/04\/elopement-alovelyday-768x512.jpg 768w, https:\/\/marylinrebelo.com\/wp-content\/uploads\/2017\/04\/elopement-alovelyday-272x182.jpg 272w\" sizes=\"(max-width: 1024px) 100vw, 1024px\" \/>\n\t\t\t<\/div><\/figure>\n\t\t<\/div>\n\n<div id='gallery-7' class='gallery galleryid-29984 gallery-columns-3 gallery-size-large'><figure class='gallery-item'>\n\t\t\t<div class='gallery-icon landscape'>\n\t\t\t\t<img decoding=\"async\" width=\"1024\" height=\"683\" src=\"https:\/\/marylinrebelo.com\/wp-content\/uploads\/2017\/04\/vow-renewal-alovelyday-1024x683.jpg\" class=\"attachment-large size-large\" alt=\"vow renewal a lovely day\" srcset=\"https:\/\/marylinrebelo.com\/wp-content\/uploads\/2017\/04\/vow-renewal-alovelyday.jpg 1024w, https:\/\/marylinrebelo.com\/wp-content\/uploads\/2017\/04\/vow-renewal-alovelyday-300x200.jpg 300w, https:\/\/marylinrebelo.com\/wp-content\/uploads\/2017\/04\/vow-renewal-alovelyday-768x512.jpg 768w, https:\/\/marylinrebelo.com\/wp-content\/uploads\/2017\/04\/vow-renewal-alovelyday-272x182.jpg 272w\" sizes=\"(max-width: 1024px) 100vw, 1024px\" \/>\n\t\t\t<\/div><\/figure><figure class='gallery-item'>\n\t\t\t<div class='gallery-icon landscape'>\n\t\t\t\t<img decoding=\"async\" width=\"1024\" height=\"683\" src=\"https:\/\/marylinrebelo.com\/wp-content\/uploads\/2017\/04\/renouvellement-voeux-geneve-1024x683.jpg\" class=\"attachment-large size-large\" alt=\"renouvellement voeux gen\u00e8ve\" srcset=\"https:\/\/marylinrebelo.com\/wp-content\/uploads\/2017\/04\/renouvellement-voeux-geneve.jpg 1024w, https:\/\/marylinrebelo.com\/wp-content\/uploads\/2017\/04\/renouvellement-voeux-geneve-300x200.jpg 300w, https:\/\/marylinrebelo.com\/wp-content\/uploads\/2017\/04\/renouvellement-voeux-geneve-768x512.jpg 768w, https:\/\/marylinrebelo.com\/wp-content\/uploads\/2017\/04\/renouvellement-voeux-geneve-272x182.jpg 272w\" sizes=\"(max-width: 1024px) 100vw, 1024px\" \/>\n\t\t\t<\/div><\/figure><figure class='gallery-item'>\n\t\t\t<div class='gallery-icon landscape'>\n\t\t\t\t<img decoding=\"async\" width=\"1024\" height=\"683\" src=\"https:\/\/marylinrebelo.com\/wp-content\/uploads\/2017\/04\/wedding-ceremony-alovelyday-1024x683.jpg\" class=\"attachment-large size-large\" alt=\"wedding ceremony a lovely day\" srcset=\"https:\/\/marylinrebelo.com\/wp-content\/uploads\/2017\/04\/wedding-ceremony-alovelyday.jpg 1024w, https:\/\/marylinrebelo.com\/wp-content\/uploads\/2017\/04\/wedding-ceremony-alovelyday-300x200.jpg 300w, https:\/\/marylinrebelo.com\/wp-content\/uploads\/2017\/04\/wedding-ceremony-alovelyday-768x512.jpg 768w, https:\/\/marylinrebelo.com\/wp-content\/uploads\/2017\/04\/wedding-ceremony-alovelyday-272x182.jpg 272w\" sizes=\"(max-width: 1024px) 100vw, 1024px\" \/>\n\t\t\t<\/div><\/figure>\n\t\t<\/div>\n\n<div id='gallery-8' class='gallery galleryid-29984 gallery-columns-2 gallery-size-large'><figure class='gallery-item'>\n\t\t\t<div class='gallery-icon portrait'>\n\t\t\t\t<img decoding=\"async\" width=\"684\" height=\"1024\" src=\"https:\/\/marylinrebelo.com\/wp-content\/uploads\/2017\/04\/vow-renewal-geneva-684x1024.jpg\" class=\"attachment-large size-large\" alt=\"vow renewal geneva\" srcset=\"https:\/\/marylinrebelo.com\/wp-content\/uploads\/2017\/04\/vow-renewal-geneva-684x1024.jpg 684w, https:\/\/marylinrebelo.com\/wp-content\/uploads\/2017\/04\/vow-renewal-geneva-200x300.jpg 200w, https:\/\/marylinrebelo.com\/wp-content\/uploads\/2017\/04\/vow-renewal-geneva-768x1151.jpg 768w, https:\/\/marylinrebelo.com\/wp-content\/uploads\/2017\/04\/vow-renewal-geneva.jpg 1024w\" sizes=\"(max-width: 684px) 100vw, 684px\" \/>\n\t\t\t<\/div><\/figure><figure class='gallery-item'>\n\t\t\t<div class='gallery-icon portrait'>\n\t\t\t\t<img decoding=\"async\" width=\"684\" height=\"1024\" src=\"https:\/\/marylinrebelo.com\/wp-content\/uploads\/2017\/04\/renouvellement-voeux-alovelyday-684x1024.jpg\" class=\"attachment-large size-large\" alt=\"renouvellement voeux a lovely day\" srcset=\"https:\/\/marylinrebelo.com\/wp-content\/uploads\/2017\/04\/renouvellement-voeux-alovelyday-684x1024.jpg 684w, https:\/\/marylinrebelo.com\/wp-content\/uploads\/2017\/04\/renouvellement-voeux-alovelyday-200x300.jpg 200w, https:\/\/marylinrebelo.com\/wp-content\/uploads\/2017\/04\/renouvellement-voeux-alovelyday-768x1151.jpg 768w, https:\/\/marylinrebelo.com\/wp-content\/uploads\/2017\/04\/renouvellement-voeux-alovelyday.jpg 1024w\" sizes=\"(max-width: 684px) 100vw, 684px\" \/>\n\t\t\t<\/div><\/figure>\n\t\t<\/div>\n\n<div id='gallery-9' class='gallery galleryid-29984 gallery-columns-3 gallery-size-large'><figure class='gallery-item'>\n\t\t\t<div class='gallery-icon portrait'>\n\t\t\t\t<img decoding=\"async\" width=\"684\" height=\"1024\" src=\"https:\/\/marylinrebelo.com\/wp-content\/uploads\/2017\/04\/ceremonie-laique-alovelyday-684x1024.jpg\" class=\"attachment-large size-large\" alt=\"c\u00e9r\u00e9monie la\u00efque a lovely day\" srcset=\"https:\/\/marylinrebelo.com\/wp-content\/uploads\/2017\/04\/ceremonie-laique-alovelyday-684x1024.jpg 684w, https:\/\/marylinrebelo.com\/wp-content\/uploads\/2017\/04\/ceremonie-laique-alovelyday-200x300.jpg 200w, https:\/\/marylinrebelo.com\/wp-content\/uploads\/2017\/04\/ceremonie-laique-alovelyday-768x1151.jpg 768w, https:\/\/marylinrebelo.com\/wp-content\/uploads\/2017\/04\/ceremonie-laique-alovelyday.jpg 1024w\" sizes=\"(max-width: 684px) 100vw, 684px\" \/>\n\t\t\t<\/div><\/figure><figure class='gallery-item'>\n\t\t\t<div class='gallery-icon portrait'>\n\t\t\t\t<img decoding=\"async\" width=\"684\" height=\"1024\" src=\"https:\/\/marylinrebelo.com\/wp-content\/uploads\/2017\/04\/vow-renewal-switzerland-684x1024.jpg\" class=\"attachment-large size-large\" alt=\"vow renewal switzerland\" srcset=\"https:\/\/marylinrebelo.com\/wp-content\/uploads\/2017\/04\/vow-renewal-switzerland-684x1024.jpg 684w, https:\/\/marylinrebelo.com\/wp-content\/uploads\/2017\/04\/vow-renewal-switzerland-200x300.jpg 200w, https:\/\/marylinrebelo.com\/wp-content\/uploads\/2017\/04\/vow-renewal-switzerland-768x1151.jpg 768w, https:\/\/marylinrebelo.com\/wp-content\/uploads\/2017\/04\/vow-renewal-switzerland.jpg 1024w\" sizes=\"(max-width: 684px) 100vw, 684px\" \/>\n\t\t\t<\/div><\/figure><figure class='gallery-item'>\n\t\t\t<div class='gallery-icon portrait'>\n\t\t\t\t<img decoding=\"async\" width=\"684\" height=\"1024\" src=\"https:\/\/marylinrebelo.com\/wp-content\/uploads\/2017\/04\/elopement-palace-suisse-684x1024.jpg\" class=\"attachment-large size-large\" alt=\"elopement palace suisse\" srcset=\"https:\/\/marylinrebelo.com\/wp-content\/uploads\/2017\/04\/elopement-palace-suisse-684x1024.jpg 684w, https:\/\/marylinrebelo.com\/wp-content\/uploads\/2017\/04\/elopement-palace-suisse-200x300.jpg 200w, https:\/\/marylinrebelo.com\/wp-content\/uploads\/2017\/04\/elopement-palace-suisse-768x1151.jpg 768w, https:\/\/marylinrebelo.com\/wp-content\/uploads\/2017\/04\/elopement-palace-suisse.jpg 1024w\" sizes=\"(max-width: 684px) 100vw, 684px\" \/>\n\t\t\t<\/div><\/figure>\n\t\t<\/div>\n\n<div id='gallery-10' class='gallery galleryid-29984 gallery-columns-3 gallery-size-large'><figure class='gallery-item'>\n\t\t\t<div class='gallery-icon portrait'>\n\t\t\t\t<img decoding=\"async\" width=\"684\" height=\"1024\" src=\"https:\/\/marylinrebelo.com\/wp-content\/uploads\/2017\/04\/renouvellement-voeux-suisse-684x1024.jpg\" class=\"attachment-large size-large\" alt=\"renouvellement voeux suisse\" srcset=\"https:\/\/marylinrebelo.com\/wp-content\/uploads\/2017\/04\/renouvellement-voeux-suisse-684x1024.jpg 684w, https:\/\/marylinrebelo.com\/wp-content\/uploads\/2017\/04\/renouvellement-voeux-suisse-200x300.jpg 200w, https:\/\/marylinrebelo.com\/wp-content\/uploads\/2017\/04\/renouvellement-voeux-suisse-768x1151.jpg 768w, https:\/\/marylinrebelo.com\/wp-content\/uploads\/2017\/04\/renouvellement-voeux-suisse.jpg 1024w\" sizes=\"(max-width: 684px) 100vw, 684px\" \/>\n\t\t\t<\/div><\/figure><figure class='gallery-item'>\n\t\t\t<div class='gallery-icon portrait'>\n\t\t\t\t<img decoding=\"async\" width=\"684\" height=\"1024\" src=\"https:\/\/marylinrebelo.com\/wp-content\/uploads\/2017\/04\/elopement-suisse-684x1024.jpg\" class=\"attachment-large size-large\" alt=\"elopement suisse\" srcset=\"https:\/\/marylinrebelo.com\/wp-content\/uploads\/2017\/04\/elopement-suisse-684x1024.jpg 684w, https:\/\/marylinrebelo.com\/wp-content\/uploads\/2017\/04\/elopement-suisse-200x300.jpg 200w, https:\/\/marylinrebelo.com\/wp-content\/uploads\/2017\/04\/elopement-suisse-768x1151.jpg 768w, https:\/\/marylinrebelo.com\/wp-content\/uploads\/2017\/04\/elopement-suisse.jpg 1024w\" sizes=\"(max-width: 684px) 100vw, 684px\" \/>\n\t\t\t<\/div><\/figure><figure class='gallery-item'>\n\t\t\t<div class='gallery-icon portrait'>\n\t\t\t\t<img decoding=\"async\" width=\"684\" height=\"1024\" src=\"https:\/\/marylinrebelo.com\/wp-content\/uploads\/2017\/04\/elopement-switzerland-684x1024.jpg\" class=\"attachment-large size-large\" alt=\"elopement switzerland\" srcset=\"https:\/\/marylinrebelo.com\/wp-content\/uploads\/2017\/04\/elopement-switzerland-684x1024.jpg 684w, https:\/\/marylinrebelo.com\/wp-content\/uploads\/2017\/04\/elopement-switzerland-200x300.jpg 200w, https:\/\/marylinrebelo.com\/wp-content\/uploads\/2017\/04\/elopement-switzerland-768x1151.jpg 768w, https:\/\/marylinrebelo.com\/wp-content\/uploads\/2017\/04\/elopement-switzerland.jpg 1024w\" sizes=\"(max-width: 684px) 100vw, 684px\" \/>\n\t\t\t<\/div><\/figure>\n\t\t<\/div>\n\n<div id='gallery-11' class='gallery galleryid-29984 gallery-columns-2 gallery-size-large'><figure class='gallery-item'>\n\t\t\t<div class='gallery-icon portrait'>\n\t\t\t\t<img decoding=\"async\" width=\"684\" height=\"1024\" src=\"https:\/\/marylinrebelo.com\/wp-content\/uploads\/2017\/04\/mariage-luxe-684x1024.jpg\" class=\"attachment-large size-large\" alt=\"mariage luxe\" srcset=\"https:\/\/marylinrebelo.com\/wp-content\/uploads\/2017\/04\/mariage-luxe-684x1024.jpg 684w, https:\/\/marylinrebelo.com\/wp-content\/uploads\/2017\/04\/mariage-luxe-200x300.jpg 200w, https:\/\/marylinrebelo.com\/wp-content\/uploads\/2017\/04\/mariage-luxe-768x1151.jpg 768w, https:\/\/marylinrebelo.com\/wp-content\/uploads\/2017\/04\/mariage-luxe.jpg 1024w\" sizes=\"(max-width: 684px) 100vw, 684px\" \/>\n\t\t\t<\/div><\/figure><figure class='gallery-item'>\n\t\t\t<div class='gallery-icon portrait'>\n\t\t\t\t<img decoding=\"async\" width=\"684\" height=\"1024\" src=\"https:\/\/marylinrebelo.com\/wp-content\/uploads\/2017\/04\/elopement-renouvellement-voeux-684x1024.jpg\" class=\"attachment-large size-large\" alt=\"elopement renouvellement voeux\" srcset=\"https:\/\/marylinrebelo.com\/wp-content\/uploads\/2017\/04\/elopement-renouvellement-voeux-684x1024.jpg 684w, https:\/\/marylinrebelo.com\/wp-content\/uploads\/2017\/04\/elopement-renouvellement-voeux-200x300.jpg 200w, https:\/\/marylinrebelo.com\/wp-content\/uploads\/2017\/04\/elopement-renouvellement-voeux-768x1151.jpg 768w, https:\/\/marylinrebelo.com\/wp-content\/uploads\/2017\/04\/elopement-renouvellement-voeux.jpg 1024w\" sizes=\"(max-width: 684px) 100vw, 684px\" \/>\n\t\t\t<\/div><\/figure>\n\t\t<\/div>\n\n<p><span class=\"flo-block-item-vendors-2__link-pretitle\">WEDDING PLANNING &amp; STYLING &#8211; <\/span><a class=\"flo-block-item-vendors-2__link\" href=\"https:\/\/www.averyspecialday.ch\/\"><span class=\"flo-block-item-vendors-2__link-title\">A Very Special Day<\/span><\/a><br \/>\n<span class=\"flo-block-item-vendors-2__link-pretitle\">PHOTO &#8211; <\/span><a class=\"flo-block-item-vendors-2__link\" href=\"http:\/\/christellenaville.com\/\"><span class=\"flo-block-item-vendors-2__link-title\">Christelle Naville<\/span><\/a><br \/>\n<span class=\"flo-block-item-vendors-2__link-pretitle\">CEREMONY &#8211; <\/span><a class=\"flo-block-item-vendors-2__link\" href=\"https:\/\/marylinrebelo.com\/\"><span class=\"flo-block-item-vendors-2__link-title\">Marylin Rebelo<\/span><\/a><br \/>\n<span class=\"flo-block-item-vendors-2__link-pretitle\">FLOWERS &#8211; <\/span><a class=\"flo-block-item-vendors-2__link\" href=\"https:\/\/www.facebook.com\/atelierrosejasmin\"><span class=\"flo-block-item-vendors-2__link-title\">Atelier Rose Jasmin<\/span><\/a><br \/>\n<span class=\"flo-block-item-vendors-2__link-pretitle\">CAKE &#8211; <\/span><a class=\"flo-block-item-vendors-2__link\" href=\"https:\/\/www.cuppins.ch\/\"><span class=\"flo-block-item-vendors-2__link-title\">Cuppin&#8217;s<\/span><\/a><br \/>\n<span class=\"flo-block-item-vendors-2__link-pretitle\">VENUE &#8211; <\/span><a class=\"flo-block-item-vendors-2__link\" href=\"https:\/\/www.beau-rivage.ch\/\"><span class=\"flo-block-item-vendors-2__link-title\">H\u00f4tel Beau-Rivage Gen\u00e8ve<\/span><\/a><\/p>\n","protected":false},"excerpt":{"rendered":"<p>This was a magical moment, beautifully organized by wedding planner, Kristell Calvez of A Very Special Day, and wonderfully photographed by&#8230;<\/p>\n","protected":false},"author":5,"featured_media":29958,"comment_status":"open","ping_status":"open","sticky":false,"template":"","format":"aside","meta":{"_kad_blocks_custom_css":"","_kad_blocks_head_custom_js":"","_kad_blocks_body_custom_js":"","_kad_blocks_footer_custom_js":"","_kad_post_transparent":"","_kad_post_title":"","_kad_post_layout":"","_kad_post_sidebar_id":"","_kad_post_content_style":"","_kad_post_vertical_padding":"","_kad_post_feature":"","_kad_post_feature_position":"","_kad_post_header":false,"_kad_post_footer":false,"footnotes":""},"categories":[297],"tags":[],"class_list":["post-29984","post","type-post","status-publish","format-aside","has-post-thumbnail","hentry","category-portfolio-en","post_format-post-format-aside"],"yoast_head":"<!-- This site is optimized with the Yoast SEO plugin v27.0 - https:\/\/yoast.com\/product\/yoast-seo-wordpress\/ -->\n<title>A Romantic Palace Elopement in Geneva &#8211; Marylin Rebelo<\/title>\n<meta name=\"description\" content=\"A magical elopement in Geneva at Beau-Rivage Hotel with elegance and luxury for a very special renewal of vows with a beautiful couple.\" \/>\n<meta name=\"robots\" content=\"index, follow, max-snippet:-1, max-image-preview:large, max-video-preview:-1\" \/>\n<link rel=\"canonical\" href=\"https:\/\/marylinrebelo.com\/en\/elopement-geneva\/\" \/>\n<meta property=\"og:locale\" content=\"en_US\" \/>\n<meta property=\"og:type\" content=\"article\" \/>\n<meta property=\"og:title\" content=\"A Romantic Palace Elopement in Geneva &#8211; Marylin Rebelo\" \/>\n<meta property=\"og:description\" content=\"A magical elopement in Geneva at Beau-Rivage Hotel with elegance and luxury for a very special renewal of vows with a beautiful couple.\" \/>\n<meta property=\"og:url\" content=\"https:\/\/marylinrebelo.com\/en\/elopement-geneva\/\" \/>\n<meta property=\"og:site_name\" content=\"Marylin Rebelo\" \/>\n<meta property=\"article:publisher\" content=\"https:\/\/www.facebook.com\/alovelydayCH\" \/>\n<meta property=\"article:published_time\" content=\"2019-04-10T18:00:05+00:00\" \/>\n<meta property=\"article:modified_time\" content=\"2023-11-06T20:58:49+00:00\" \/>\n<meta property=\"og:image\" content=\"https:\/\/marylinrebelo.com\/wp-content\/uploads\/2019\/06\/elopement-geneve-min.jpg\" \/>\n\t<meta property=\"og:image:width\" content=\"2247\" \/>\n\t<meta property=\"og:image:height\" content=\"1500\" \/>\n\t<meta property=\"og:image:type\" content=\"image\/jpeg\" \/>\n<meta name=\"author\" content=\"Marylin Rebelo\" \/>\n<meta name=\"twitter:card\" content=\"summary_large_image\" \/>\n<meta name=\"twitter:creator\" content=\"@aLovelyDay_ch\" \/>\n<meta name=\"twitter:site\" content=\"@aLovelyDay_ch\" \/>\n<meta name=\"twitter:label1\" content=\"Written by\" \/>\n\t<meta name=\"twitter:data1\" content=\"Marylin Rebelo\" \/>\n\t<meta name=\"twitter:label2\" content=\"Est. reading time\" \/>\n\t<meta name=\"twitter:data2\" content=\"1 minute\" \/>\n<script type=\"application\/ld+json\" class=\"yoast-schema-graph\">{\"@context\":\"https:\/\/schema.org\",\"@graph\":[{\"@type\":\"Article\",\"@id\":\"https:\/\/marylinrebelo.com\/en\/elopement-geneva\/#article\",\"isPartOf\":{\"@id\":\"https:\/\/marylinrebelo.com\/en\/elopement-geneva\/\"},\"author\":{\"name\":\"Marylin Rebelo\",\"@id\":\"https:\/\/marylinrebelo.com\/en\/#\/schema\/person\/21123a7022943d0ea40b2c967b7a1cbf\"},\"headline\":\"A Romantic Palace Elopement in Geneva\",\"datePublished\":\"2019-04-10T18:00:05+00:00\",\"dateModified\":\"2023-11-06T20:58:49+00:00\",\"mainEntityOfPage\":{\"@id\":\"https:\/\/marylinrebelo.com\/en\/elopement-geneva\/\"},\"wordCount\":233,\"commentCount\":0,\"publisher\":{\"@id\":\"https:\/\/marylinrebelo.com\/en\/#organization\"},\"image\":{\"@id\":\"https:\/\/marylinrebelo.com\/en\/elopement-geneva\/#primaryimage\"},\"thumbnailUrl\":\"https:\/\/marylinrebelo.com\/wp-content\/uploads\/2019\/06\/elopement-geneve-min.jpg\",\"articleSection\":[\"Portfolio\"],\"inLanguage\":\"en-US\",\"potentialAction\":[{\"@type\":\"CommentAction\",\"name\":\"Comment\",\"target\":[\"https:\/\/marylinrebelo.com\/en\/elopement-geneva\/#respond\"]}]},{\"@type\":\"WebPage\",\"@id\":\"https:\/\/marylinrebelo.com\/en\/elopement-geneva\/\",\"url\":\"https:\/\/marylinrebelo.com\/en\/elopement-geneva\/\",\"name\":\"A Romantic Palace Elopement in Geneva &#8211; Marylin Rebelo\",\"isPartOf\":{\"@id\":\"https:\/\/marylinrebelo.com\/en\/#website\"},\"primaryImageOfPage\":{\"@id\":\"https:\/\/marylinrebelo.com\/en\/elopement-geneva\/#primaryimage\"},\"image\":{\"@id\":\"https:\/\/marylinrebelo.com\/en\/elopement-geneva\/#primaryimage\"},\"thumbnailUrl\":\"https:\/\/marylinrebelo.com\/wp-content\/uploads\/2019\/06\/elopement-geneve-min.jpg\",\"datePublished\":\"2019-04-10T18:00:05+00:00\",\"dateModified\":\"2023-11-06T20:58:49+00:00\",\"description\":\"A magical elopement in Geneva at Beau-Rivage Hotel with elegance and luxury for a very special renewal of vows with a beautiful couple.\",\"breadcrumb\":{\"@id\":\"https:\/\/marylinrebelo.com\/en\/elopement-geneva\/#breadcrumb\"},\"inLanguage\":\"en-US\",\"potentialAction\":[{\"@type\":\"ReadAction\",\"target\":[\"https:\/\/marylinrebelo.com\/en\/elopement-geneva\/\"]}]},{\"@type\":\"ImageObject\",\"inLanguage\":\"en-US\",\"@id\":\"https:\/\/marylinrebelo.com\/en\/elopement-geneva\/#primaryimage\",\"url\":\"https:\/\/marylinrebelo.com\/wp-content\/uploads\/2019\/06\/elopement-geneve-min.jpg\",\"contentUrl\":\"https:\/\/marylinrebelo.com\/wp-content\/uploads\/2019\/06\/elopement-geneve-min.jpg\",\"width\":2247,\"height\":1500,\"caption\":\"elopement 5 \u00e9toiles gen\u00e8ve\"},{\"@type\":\"BreadcrumbList\",\"@id\":\"https:\/\/marylinrebelo.com\/en\/elopement-geneva\/#breadcrumb\",\"itemListElement\":[{\"@type\":\"ListItem\",\"position\":1,\"name\":\"Accueil\",\"item\":\"https:\/\/marylinrebelo.com\/en\/wedding-elopement-officiant-switzerland\/\"},{\"@type\":\"ListItem\",\"position\":2,\"name\":\"A Romantic Palace Elopement in Geneva\"}]},{\"@type\":\"WebSite\",\"@id\":\"https:\/\/marylinrebelo.com\/en\/#website\",\"url\":\"https:\/\/marylinrebelo.com\/en\/\",\"name\":\"Marylin Rebelo\",\"description\":\"Votre c\u00e9r\u00e9monie la\u00efque et mariage la\u00efque en Suisse\",\"publisher\":{\"@id\":\"https:\/\/marylinrebelo.com\/en\/#organization\"},\"potentialAction\":[{\"@type\":\"SearchAction\",\"target\":{\"@type\":\"EntryPoint\",\"urlTemplate\":\"https:\/\/marylinrebelo.com\/en\/?s={search_term_string}\"},\"query-input\":{\"@type\":\"PropertyValueSpecification\",\"valueRequired\":true,\"valueName\":\"search_term_string\"}}],\"inLanguage\":\"en-US\"},{\"@type\":\"Organization\",\"@id\":\"https:\/\/marylinrebelo.com\/en\/#organization\",\"name\":\"Marylin Rebelo\",\"url\":\"https:\/\/marylinrebelo.com\/en\/\",\"logo\":{\"@type\":\"ImageObject\",\"inLanguage\":\"en-US\",\"@id\":\"https:\/\/marylinrebelo.com\/en\/#\/schema\/logo\/image\/\",\"url\":\"\",\"contentUrl\":\"\",\"caption\":\"Marylin Rebelo\"},\"image\":{\"@id\":\"https:\/\/marylinrebelo.com\/en\/#\/schema\/logo\/image\/\"},\"sameAs\":[\"https:\/\/www.facebook.com\/alovelydayCH\",\"https:\/\/x.com\/aLovelyDay_ch\",\"https:\/\/instagram.com\/alovelyday.ch\",\"https:\/\/www.linkedin.com\/company\/9460884\",\"https:\/\/fr.pinterest.com\/alovelydaych\/\",\"https:\/\/www.youtube.com\/channel\/UCNUdZ4IFmcOazE3kaNo9pcw\"]},{\"@type\":\"Person\",\"@id\":\"https:\/\/marylinrebelo.com\/en\/#\/schema\/person\/21123a7022943d0ea40b2c967b7a1cbf\",\"name\":\"Marylin Rebelo\",\"image\":{\"@type\":\"ImageObject\",\"inLanguage\":\"en-US\",\"@id\":\"https:\/\/marylinrebelo.com\/en\/#\/schema\/person\/image\/\",\"url\":\"https:\/\/secure.gravatar.com\/avatar\/df73acbcc631435b6685b5756e218c27c8b8edec7dc7227875bcaa6ac3fc6e57?s=96&d=mm&r=g\",\"contentUrl\":\"https:\/\/secure.gravatar.com\/avatar\/df73acbcc631435b6685b5756e218c27c8b8edec7dc7227875bcaa6ac3fc6e57?s=96&d=mm&r=g\",\"caption\":\"Marylin Rebelo\"}}]}<\/script>\n<!-- \/ Yoast SEO plugin. -->","yoast_head_json":{"title":"A Romantic Palace Elopement in Geneva &#8211; Marylin Rebelo","description":"A magical elopement in Geneva at Beau-Rivage Hotel with elegance and luxury for a very special renewal of vows with a beautiful couple.","robots":{"index":"index","follow":"follow","max-snippet":"max-snippet:-1","max-image-preview":"max-image-preview:large","max-video-preview":"max-video-preview:-1"},"canonical":"https:\/\/marylinrebelo.com\/en\/elopement-geneva\/","og_locale":"en_US","og_type":"article","og_title":"A Romantic Palace Elopement in Geneva &#8211; Marylin Rebelo","og_description":"A magical elopement in Geneva at Beau-Rivage Hotel with elegance and luxury for a very special renewal of vows with a beautiful couple.","og_url":"https:\/\/marylinrebelo.com\/en\/elopement-geneva\/","og_site_name":"Marylin Rebelo","article_publisher":"https:\/\/www.facebook.com\/alovelydayCH","article_published_time":"2019-04-10T18:00:05+00:00","article_modified_time":"2023-11-06T20:58:49+00:00","og_image":[{"width":2247,"height":1500,"url":"https:\/\/marylinrebelo.com\/wp-content\/uploads\/2019\/06\/elopement-geneve-min.jpg","type":"image\/jpeg"}],"author":"Marylin Rebelo","twitter_card":"summary_large_image","twitter_creator":"@aLovelyDay_ch","twitter_site":"@aLovelyDay_ch","twitter_misc":{"Written by":"Marylin Rebelo","Est. reading time":"1 minute"},"schema":{"@context":"https:\/\/schema.org","@graph":[{"@type":"Article","@id":"https:\/\/marylinrebelo.com\/en\/elopement-geneva\/#article","isPartOf":{"@id":"https:\/\/marylinrebelo.com\/en\/elopement-geneva\/"},"author":{"name":"Marylin Rebelo","@id":"https:\/\/marylinrebelo.com\/en\/#\/schema\/person\/21123a7022943d0ea40b2c967b7a1cbf"},"headline":"A Romantic Palace Elopement in Geneva","datePublished":"2019-04-10T18:00:05+00:00","dateModified":"2023-11-06T20:58:49+00:00","mainEntityOfPage":{"@id":"https:\/\/marylinrebelo.com\/en\/elopement-geneva\/"},"wordCount":233,"commentCount":0,"publisher":{"@id":"https:\/\/marylinrebelo.com\/en\/#organization"},"image":{"@id":"https:\/\/marylinrebelo.com\/en\/elopement-geneva\/#primaryimage"},"thumbnailUrl":"https:\/\/marylinrebelo.com\/wp-content\/uploads\/2019\/06\/elopement-geneve-min.jpg","articleSection":["Portfolio"],"inLanguage":"en-US","potentialAction":[{"@type":"CommentAction","name":"Comment","target":["https:\/\/marylinrebelo.com\/en\/elopement-geneva\/#respond"]}]},{"@type":"WebPage","@id":"https:\/\/marylinrebelo.com\/en\/elopement-geneva\/","url":"https:\/\/marylinrebelo.com\/en\/elopement-geneva\/","name":"A Romantic Palace Elopement in Geneva &#8211; Marylin Rebelo","isPartOf":{"@id":"https:\/\/marylinrebelo.com\/en\/#website"},"primaryImageOfPage":{"@id":"https:\/\/marylinrebelo.com\/en\/elopement-geneva\/#primaryimage"},"image":{"@id":"https:\/\/marylinrebelo.com\/en\/elopement-geneva\/#primaryimage"},"thumbnailUrl":"https:\/\/marylinrebelo.com\/wp-content\/uploads\/2019\/06\/elopement-geneve-min.jpg","datePublished":"2019-04-10T18:00:05+00:00","dateModified":"2023-11-06T20:58:49+00:00","description":"A magical elopement in Geneva at Beau-Rivage Hotel with elegance and luxury for a very special renewal of vows with a beautiful couple.","breadcrumb":{"@id":"https:\/\/marylinrebelo.com\/en\/elopement-geneva\/#breadcrumb"},"inLanguage":"en-US","potentialAction":[{"@type":"ReadAction","target":["https:\/\/marylinrebelo.com\/en\/elopement-geneva\/"]}]},{"@type":"ImageObject","inLanguage":"en-US","@id":"https:\/\/marylinrebelo.com\/en\/elopement-geneva\/#primaryimage","url":"https:\/\/marylinrebelo.com\/wp-content\/uploads\/2019\/06\/elopement-geneve-min.jpg","contentUrl":"https:\/\/marylinrebelo.com\/wp-content\/uploads\/2019\/06\/elopement-geneve-min.jpg","width":2247,"height":1500,"caption":"elopement 5 \u00e9toiles gen\u00e8ve"},{"@type":"BreadcrumbList","@id":"https:\/\/marylinrebelo.com\/en\/elopement-geneva\/#breadcrumb","itemListElement":[{"@type":"ListItem","position":1,"name":"Accueil","item":"https:\/\/marylinrebelo.com\/en\/wedding-elopement-officiant-switzerland\/"},{"@type":"ListItem","position":2,"name":"A Romantic Palace Elopement in Geneva"}]},{"@type":"WebSite","@id":"https:\/\/marylinrebelo.com\/en\/#website","url":"https:\/\/marylinrebelo.com\/en\/","name":"Marylin Rebelo","description":"Votre c\u00e9r\u00e9monie la\u00efque et mariage la\u00efque en Suisse","publisher":{"@id":"https:\/\/marylinrebelo.com\/en\/#organization"},"potentialAction":[{"@type":"SearchAction","target":{"@type":"EntryPoint","urlTemplate":"https:\/\/marylinrebelo.com\/en\/?s={search_term_string}"},"query-input":{"@type":"PropertyValueSpecification","valueRequired":true,"valueName":"search_term_string"}}],"inLanguage":"en-US"},{"@type":"Organization","@id":"https:\/\/marylinrebelo.com\/en\/#organization","name":"Marylin Rebelo","url":"https:\/\/marylinrebelo.com\/en\/","logo":{"@type":"ImageObject","inLanguage":"en-US","@id":"https:\/\/marylinrebelo.com\/en\/#\/schema\/logo\/image\/","url":"","contentUrl":"","caption":"Marylin Rebelo"},"image":{"@id":"https:\/\/marylinrebelo.com\/en\/#\/schema\/logo\/image\/"},"sameAs":["https:\/\/www.facebook.com\/alovelydayCH","https:\/\/x.com\/aLovelyDay_ch","https:\/\/instagram.com\/alovelyday.ch","https:\/\/www.linkedin.com\/company\/9460884","https:\/\/fr.pinterest.com\/alovelydaych\/","https:\/\/www.youtube.com\/channel\/UCNUdZ4IFmcOazE3kaNo9pcw"]},{"@type":"Person","@id":"https:\/\/marylinrebelo.com\/en\/#\/schema\/person\/21123a7022943d0ea40b2c967b7a1cbf","name":"Marylin Rebelo","image":{"@type":"ImageObject","inLanguage":"en-US","@id":"https:\/\/marylinrebelo.com\/en\/#\/schema\/person\/image\/","url":"https:\/\/secure.gravatar.com\/avatar\/df73acbcc631435b6685b5756e218c27c8b8edec7dc7227875bcaa6ac3fc6e57?s=96&d=mm&r=g","contentUrl":"https:\/\/secure.gravatar.com\/avatar\/df73acbcc631435b6685b5756e218c27c8b8edec7dc7227875bcaa6ac3fc6e57?s=96&d=mm&r=g","caption":"Marylin Rebelo"}}]}},"taxonomy_info":{"category":[{"value":297,"label":"Portfolio"}]},"featured_image_src_large":["https:\/\/marylinrebelo.com\/wp-content\/uploads\/2019\/06\/elopement-geneve-min-1024x684.jpg",1024,684,true],"author_info":{"display_name":"Marylin Rebelo","author_link":"https:\/\/marylinrebelo.com\/en\/author\/marylinalovelyday-ch\/"},"comment_info":0,"category_info":[{"term_id":297,"name":"Portfolio","slug":"portfolio-en","term_group":0,"term_taxonomy_id":297,"taxonomy":"category","description":"","parent":0,"count":18,"filter":"raw","term_order":"0","cat_ID":297,"category_count":18,"category_description":"","cat_name":"Portfolio","category_nicename":"portfolio-en","category_parent":0}],"tag_info":false,"_links":{"self":[{"href":"https:\/\/marylinrebelo.com\/en\/wp-json\/wp\/v2\/posts\/29984","targetHints":{"allow":["GET"]}}],"collection":[{"href":"https:\/\/marylinrebelo.com\/en\/wp-json\/wp\/v2\/posts"}],"about":[{"href":"https:\/\/marylinrebelo.com\/en\/wp-json\/wp\/v2\/types\/post"}],"author":[{"embeddable":true,"href":"https:\/\/marylinrebelo.com\/en\/wp-json\/wp\/v2\/users\/5"}],"replies":[{"embeddable":true,"href":"https:\/\/marylinrebelo.com\/en\/wp-json\/wp\/v2\/comments?post=29984"}],"version-history":[{"count":0,"href":"https:\/\/marylinrebelo.com\/en\/wp-json\/wp\/v2\/posts\/29984\/revisions"}],"wp:featuredmedia":[{"embeddable":true,"href":"https:\/\/marylinrebelo.com\/en\/wp-json\/wp\/v2\/media\/29958"}],"wp:attachment":[{"href":"https:\/\/marylinrebelo.com\/en\/wp-json\/wp\/v2\/media?parent=29984"}],"wp:term":[{"taxonomy":"category","embeddable":true,"href":"https:\/\/marylinrebelo.com\/en\/wp-json\/wp\/v2\/categories?post=29984"},{"taxonomy":"post_tag","embeddable":true,"href":"https:\/\/marylinrebelo.com\/en\/wp-json\/wp\/v2\/tags?post=29984"}],"curies":[{"name":"wp","href":"https:\/\/api.w.org\/{rel}","templated":true}]}}